{"id":18076,"date":"2024-01-02T16:03:06","date_gmt":"2024-01-02T19:03:06","guid":{"rendered":"https:\/\/dgospel.com.br\/portal\/?p=18076"},"modified":"2024-01-02T16:03:06","modified_gmt":"2024-01-02T19:03:06","slug":"governo-do-tocantins-assina-convenios-para-investimentos-em-tecnologia-e-mobilidade-voltados-ao-desenvolvimento-rural","status":"publish","type":"post","link":"https:\/\/dgospel.com.br\/portal\/index.php\/2024\/01\/02\/governo-do-tocantins-assina-convenios-para-investimentos-em-tecnologia-e-mobilidade-voltados-ao-desenvolvimento-rural\/","title":{"rendered":"Governo do Tocantins assina conv\u00eanios para investimentos em tecnologia e mobilidade voltados ao desenvolvimento rural"},"content":{"rendered":"\n<p>O Governo do Tocantins, por meio do Instituto de Desenvolvimento Rural do Estado do Tocantins (Ruraltins), encerrou a \u00faltima semana do ano de 2023 com importantes conquistas, e marcou seu comprometimento com o desenvolvimento agr\u00e1rio e social no Estado, com assinatura de conv\u00eanios estrat\u00e9gicos entre o Ruraltins e o Minist\u00e9rio de Desenvolvimento Agr\u00e1rio (MDA), e tamb\u00e9m com o Minist\u00e9rio de Desenvolvimento Social (MDS).<\/p>\n\n\n\n<p>O primeiro marco foi a formaliza\u00e7\u00e3o do conv\u00eanio com o MDA para a aquisi\u00e7\u00e3o de computadores, um passo significativo na moderniza\u00e7\u00e3o e fortalecimento da infraestrutura tecnol\u00f3gica. Esses computadores ser\u00e3o distribu\u00eddos em todos os escrit\u00f3rios do Ruraltins no Estado, o qual ir\u00e1 proporcionar um ambiente de trabalho mais eficiente e potencializar a capacidade de presta\u00e7\u00e3o de servi\u00e7os aos agricultores e comunidades rurais.<\/p>\n\n\n\n<p>Em um segundo momento, o Ruraltins celebrou um novo conv\u00eanio com o MDS, consolidando um investimento crucial em mobilidade. O acordo abrange a aquisi\u00e7\u00e3o de camionetas, caminh\u00f5es e barcos, que visa ampliar a assist\u00eancia t\u00e9cnica e a extens\u00e3o rural. Essa iniciativa \u00e9 especialmente relevante para as comunidades em ilhas, como a comunidade ind\u00edgena da ilha do Bananal.<\/p>\n\n\n\n<p>O presidente do Ruraltins, Washington Ayres, ressaltou a import\u00e2ncia desses conv\u00eanios para impulsionar o desenvolvimento rural no Tocantins. &#8220;Estamos comprometidos em promover o acesso \u00e0 tecnologia e mobilidade para fortalecer a agricultura familiar e garantir mais desenvolvimento em todas as regi\u00f5es do Estado. Esses investimentos s\u00e3o fundamentais para proporcionar melhores condi\u00e7\u00f5es de vida aos agricultores e expandir nosso apoio \u00e0s comunidades mais remotas, como as situadas em ilhas,&#8221; afirmou Washington.<\/p>\n\n\n\n<p>O presidente ressaltou ainda que a iniciativa do Ruraltins reflete um compromisso efetivo com a inova\u00e7\u00e3o, a inclus\u00e3o social e o desenvolvimento territorial. \u201cO ano de 2023 ficar\u00e1 registrado como um per\u00edodo marcante para o Instituto, que continua a trabalhar incansavelmente para impulsionar o setor agr\u00e1rio e promover a qualidade de vida nas comunidades rurais do Tocantins\u201d, finalizou.<\/p>\n","protected":false},"excerpt":{"rendered":"<p>O Governo do Tocantins, por meio do Instituto de Desenvolvimento Rural do Estado do Tocantins (Ruraltins), encerrou a \u00faltima semana do ano de 2023 com importantes conquistas, e marcou seu comprometimento com o desenvolvimento agr\u00e1rio e social no Estado, com assinatura de conv\u00eanios estrat\u00e9gicos entre o Ruraltins e o Minist\u00e9rio de Desenvolvimento Agr\u00e1rio (MDA), e [&hellip;]<\/p>\n","protected":false},"author":2,"featured_media":18077,"comment_status":"open","ping_status":"open","sticky":false,"template":"","format":"standard","meta":[],"categories":[3],"tags":[],"_links":{"self":[{"href":"https:\/\/dgospel.com.br\/portal\/index.php\/wp-json\/wp\/v2\/posts\/18076"}],"collection":[{"href":"https:\/\/dgospel.com.br\/portal\/index.php\/wp-json\/wp\/v2\/posts"}],"about":[{"href":"https:\/\/dgospel.com.br\/portal\/index.php\/wp-json\/wp\/v2\/types\/post"}],"author":[{"embeddable":true,"href":"https:\/\/dgospel.com.br\/portal\/index.php\/wp-json\/wp\/v2\/users\/2"}],"replies":[{"embeddable":true,"href":"https:\/\/dgospel.com.br\/portal\/index.php\/wp-json\/wp\/v2\/comments?post=18076"}],"version-history":[{"count":1,"href":"https:\/\/dgospel.com.br\/portal\/index.php\/wp-json\/wp\/v2\/posts\/18076\/revisions"}],"predecessor-version":[{"id":18078,"href":"https:\/\/dgospel.com.br\/portal\/index.php\/wp-json\/wp\/v2\/posts\/18076\/revisions\/18078"}],"wp:featuredmedia":[{"embeddable":true,"href":"https:\/\/dgospel.com.br\/portal\/index.php\/wp-json\/wp\/v2\/media\/18077"}],"wp:attachment":[{"href":"https:\/\/dgospel.com.br\/portal\/index.php\/wp-json\/wp\/v2\/media?parent=18076"}],"wp:term":[{"taxonomy":"category","embeddable":true,"href":"https:\/\/dgospel.com.br\/portal\/index.php\/wp-json\/wp\/v2\/categories?post=18076"},{"taxonomy":"post_tag","embeddable":true,"href":"https:\/\/dgospel.com.br\/portal\/index.php\/wp-json\/wp\/v2\/tags?post=18076"}],"curies":[{"name":"wp","href":"https:\/\/api.w.org\/{rel}","templated":true}]}}