{"id":18095,"date":"2024-01-03T15:32:36","date_gmt":"2024-01-03T18:32:36","guid":{"rendered":"https:\/\/dgospel.com.br\/portal\/?p=18095"},"modified":"2024-01-03T15:32:37","modified_gmt":"2024-01-03T18:32:37","slug":"preco-da-gasolina-sobe-125-nos-postos-no-primeiro-ano-de-lula","status":"publish","type":"post","link":"https:\/\/dgospel.com.br\/portal\/index.php\/2024\/01\/03\/preco-da-gasolina-sobe-125-nos-postos-no-primeiro-ano-de-lula\/","title":{"rendered":"Pre\u00e7o da gasolina sobe 12,5% nos postos no primeiro ano de Lula"},"content":{"rendered":"\n<p>O primeiro ano do terceiro governo do presidente Luiz In\u00e1cio&nbsp;<a href=\"http:\/\/pleno.news\/tag\/lula\" target=\"_blank\" rel=\"noreferrer noopener\">Lula<\/a>&nbsp;da Silva (PT) foi marcado pelo aumento no pre\u00e7o m\u00e9dio da&nbsp;<a href=\"http:\/\/pleno.news\/tag\/gasolina\" target=\"_blank\" rel=\"noreferrer noopener\">gasolina<\/a>&nbsp;nos postos de combust\u00edveis do pa\u00eds. A informa\u00e7\u00e3o est\u00e1 presente nos dados divulgados nesta ter\u00e7a-feira (2) pela Ag\u00eancia Nacional do Petr\u00f3leo, G\u00e1s Natural e Biocombust\u00edveis (ANP).<\/p>\n\n\n\n<p>De acordo com o levantamento, o pre\u00e7o m\u00e9dio da gasolina passou de R$ 4,96 na \u00faltima semana de 2022 para R$ 5,58 na \u00faltima semana de de 2023; o que significa uma alta de 12,5%. Ao longo do \u00faltimo ano, algumas medidas tomadas pelo governo federal foram respons\u00e1veis pelo aumento, sendo a principal delas a retomada da cobran\u00e7a de impostos federais sobre os combust\u00edveis.<\/p>\n\n\n\n<p>A tributa\u00e7\u00e3o federal sobre a gasolina e o etanol, que tinha sido zerada em 2022 por decis\u00e3o do ex-presidente Jair Bolsonaro (PL), foi retomada integralmente em junho de 2023, impulsionando os pre\u00e7os dos combust\u00edveis. O retorno da cobran\u00e7a j\u00e1 era previsto mesmo antes de Lula tomar posse e em mar\u00e7o do ano passado o governo chegou a aplicar um aumento parcial.<\/p>\n\n\n\n<p>Para 2024, a equipe econ\u00f4mica do governo n\u00e3o prev\u00ea que os impostos federais voltem a ser reduzidos. A informa\u00e7\u00e3o foi, inclusive, confirmada pela Receita Federal ao portal G1. Al\u00e9m disso, est\u00e1 prevista a proje\u00e7\u00e3o de aumento do Imposto sobre a Circula\u00e7\u00e3o de Mercadorias e Servi\u00e7os (ICMS), um tributo estadual, a partir de fevereiro, o que deve fazer o pre\u00e7o dos combust\u00edveis subir.<\/p>\n","protected":false},"excerpt":{"rendered":"<p>O primeiro ano do terceiro governo do presidente Luiz In\u00e1cio&nbsp;Lula&nbsp;da Silva (PT) foi marcado pelo aumento no pre\u00e7o m\u00e9dio da&nbsp;gasolina&nbsp;nos postos de combust\u00edveis do pa\u00eds. A informa\u00e7\u00e3o est\u00e1 presente nos dados divulgados nesta ter\u00e7a-feira (2) pela Ag\u00eancia Nacional do Petr\u00f3leo, G\u00e1s Natural e Biocombust\u00edveis (ANP). De acordo com o levantamento, o pre\u00e7o m\u00e9dio da gasolina [&hellip;]<\/p>\n","protected":false},"author":2,"featured_media":18096,"comment_status":"open","ping_status":"open","sticky":false,"template":"","format":"standard","meta":[],"categories":[10],"tags":[],"_links":{"self":[{"href":"https:\/\/dgospel.com.br\/portal\/index.php\/wp-json\/wp\/v2\/posts\/18095"}],"collection":[{"href":"https:\/\/dgospel.com.br\/portal\/index.php\/wp-json\/wp\/v2\/posts"}],"about":[{"href":"https:\/\/dgospel.com.br\/portal\/index.php\/wp-json\/wp\/v2\/types\/post"}],"author":[{"embeddable":true,"href":"https:\/\/dgospel.com.br\/portal\/index.php\/wp-json\/wp\/v2\/users\/2"}],"replies":[{"embeddable":true,"href":"https:\/\/dgospel.com.br\/portal\/index.php\/wp-json\/wp\/v2\/comments?post=18095"}],"version-history":[{"count":1,"href":"https:\/\/dgospel.com.br\/portal\/index.php\/wp-json\/wp\/v2\/posts\/18095\/revisions"}],"predecessor-version":[{"id":18097,"href":"https:\/\/dgospel.com.br\/portal\/index.php\/wp-json\/wp\/v2\/posts\/18095\/revisions\/18097"}],"wp:featuredmedia":[{"embeddable":true,"href":"https:\/\/dgospel.com.br\/portal\/index.php\/wp-json\/wp\/v2\/media\/18096"}],"wp:attachment":[{"href":"https:\/\/dgospel.com.br\/portal\/index.php\/wp-json\/wp\/v2\/media?parent=18095"}],"wp:term":[{"taxonomy":"category","embeddable":true,"href":"https:\/\/dgospel.com.br\/portal\/index.php\/wp-json\/wp\/v2\/categories?post=18095"},{"taxonomy":"post_tag","embeddable":true,"href":"https:\/\/dgospel.com.br\/portal\/index.php\/wp-json\/wp\/v2\/tags?post=18095"}],"curies":[{"name":"wp","href":"https:\/\/api.w.org\/{rel}","templated":true}]}}