{"id":18110,"date":"2024-01-03T22:08:16","date_gmt":"2024-01-04T01:08:16","guid":{"rendered":"https:\/\/dgospel.com.br\/portal\/?p=18110"},"modified":"2024-01-03T22:08:17","modified_gmt":"2024-01-04T01:08:17","slug":"pastor-cicero-ferreira-da-silva-assume-a-presidencia-da-associacao-evangelica-beneficente-de-lagoa-do-tocantins","status":"publish","type":"post","link":"https:\/\/dgospel.com.br\/portal\/index.php\/2024\/01\/03\/pastor-cicero-ferreira-da-silva-assume-a-presidencia-da-associacao-evangelica-beneficente-de-lagoa-do-tocantins\/","title":{"rendered":"Pastor C\u00edcero Ferreira da Silva assume a presid\u00eancia da Associa\u00e7\u00e3o Evang\u00e9lica Beneficente de Lagoa do Tocantins"},"content":{"rendered":"\n<p>O pastor C\u00edcero Ferreira da Silva assumiu a presid\u00eancia da Associa\u00e7\u00e3o Evang\u00e9lica Beneficente de Lagoa do Tocantins, uma entidade composta por pastores e l\u00edderes evang\u00e9licos.<\/p>\n\n\n\n<p>O pastor C\u00edcero Ferreira da Silva, que \u00e9 presidente da Assembleia de Deus CIADSETA em Lago do Tocantins, foi escolhido pelos l\u00edderes evang\u00e9licos por unanimidade, em raz\u00e3o de j\u00e1 estar exercendo a fun\u00e7\u00e3o de vice-presidente da entidade.<\/p>\n\n\n\n<p>A escolha do pastor C\u00edcero Ferreira da Silva, para presidente Associa\u00e7\u00e3o Evang\u00e9lica Beneficente de Lagoa do Tocantins aconteceu no 06 de dezembro de 2023, e ficar\u00e1 na presid\u00eancia at\u00e9 fevereiro de 2026.<\/p>\n\n\n\n<p>A Associa\u00e7\u00e3o Evang\u00e9lica Beneficente de Lagoa do Tocantins foi fundada em 17 de agosto de 2015, e \u00e9 uma entidade que representa todas as igrejas evang\u00e9licas da cidade.<\/p>\n\n\n\n<p>O pastor C\u00edcero Ferreira da Silva disse ao Portal Di\u00e1rio Gospel que seus principais desafios \u00e9 promover unidade entre as igrejas evang\u00e9licas, desenvolver o evangelismo atrav\u00e9s do Dia do Evang\u00e9lico, desenvolver o trabalho social, atrav\u00e9s das igrejas evang\u00e9licas, e buscar apoio do poder p\u00fablico para o desenvolvimento de a\u00e7\u00f5es sociais.<\/p>\n\n\n\n<p><strong>Diretoria:<\/strong><\/p>\n\n\n\n<p>Presidente: Pastor C\u00edcero Ferreira da Silva<\/p>\n\n\n\n<p>Vice-Presidente: Pastor Jos\u00e9 Alcides de Freitas J\u00fanior<\/p>\n\n\n\n<p>Diretor do Conselho Fiscal: Pastor Josivaldo Castro Machado<\/p>\n\n\n\n<p>Primeiro Secret\u00e1rio: Evangelista Arivaldo Sousa Silva<\/p>\n\n\n\n<p>&nbsp;Primeira Tesoureira: Mission\u00e1ria C\u00e9lia Batista de Carvalho Borges Sousa<\/p>\n","protected":false},"excerpt":{"rendered":"<p>O pastor C\u00edcero Ferreira da Silva assumiu a presid\u00eancia da Associa\u00e7\u00e3o Evang\u00e9lica Beneficente de Lagoa do Tocantins, uma entidade composta por pastores e l\u00edderes evang\u00e9licos. O pastor C\u00edcero Ferreira da Silva, que \u00e9 presidente da Assembleia de Deus CIADSETA em Lago do Tocantins, foi escolhido pelos l\u00edderes evang\u00e9licos por unanimidade, em raz\u00e3o de j\u00e1 estar [&hellip;]<\/p>\n","protected":false},"author":2,"featured_media":18111,"comment_status":"open","ping_status":"open","sticky":false,"template":"","format":"standard","meta":[],"categories":[5],"tags":[],"_links":{"self":[{"href":"https:\/\/dgospel.com.br\/portal\/index.php\/wp-json\/wp\/v2\/posts\/18110"}],"collection":[{"href":"https:\/\/dgospel.com.br\/portal\/index.php\/wp-json\/wp\/v2\/posts"}],"about":[{"href":"https:\/\/dgospel.com.br\/portal\/index.php\/wp-json\/wp\/v2\/types\/post"}],"author":[{"embeddable":true,"href":"https:\/\/dgospel.com.br\/portal\/index.php\/wp-json\/wp\/v2\/users\/2"}],"replies":[{"embeddable":true,"href":"https:\/\/dgospel.com.br\/portal\/index.php\/wp-json\/wp\/v2\/comments?post=18110"}],"version-history":[{"count":1,"href":"https:\/\/dgospel.com.br\/portal\/index.php\/wp-json\/wp\/v2\/posts\/18110\/revisions"}],"predecessor-version":[{"id":18112,"href":"https:\/\/dgospel.com.br\/portal\/index.php\/wp-json\/wp\/v2\/posts\/18110\/revisions\/18112"}],"wp:featuredmedia":[{"embeddable":true,"href":"https:\/\/dgospel.com.br\/portal\/index.php\/wp-json\/wp\/v2\/media\/18111"}],"wp:attachment":[{"href":"https:\/\/dgospel.com.br\/portal\/index.php\/wp-json\/wp\/v2\/media?parent=18110"}],"wp:term":[{"taxonomy":"category","embeddable":true,"href":"https:\/\/dgospel.com.br\/portal\/index.php\/wp-json\/wp\/v2\/categories?post=18110"},{"taxonomy":"post_tag","embeddable":true,"href":"https:\/\/dgospel.com.br\/portal\/index.php\/wp-json\/wp\/v2\/tags?post=18110"}],"curies":[{"name":"wp","href":"https:\/\/api.w.org\/{rel}","templated":true}]}}