{"id":18119,"date":"2024-01-04T17:50:40","date_gmt":"2024-01-04T20:50:40","guid":{"rendered":"https:\/\/dgospel.com.br\/portal\/?p=18119"},"modified":"2024-01-04T17:50:42","modified_gmt":"2024-01-04T20:50:42","slug":"depois-de-esnobar-os-evangelicos-lula-sofre-resistencia-do-segmento-agora-planeja-promover-um-grande-evento-com-lideres-cristaos","status":"publish","type":"post","link":"https:\/\/dgospel.com.br\/portal\/index.php\/2024\/01\/04\/depois-de-esnobar-os-evangelicos-lula-sofre-resistencia-do-segmento-agora-planeja-promover-um-grande-evento-com-lideres-cristaos\/","title":{"rendered":"Depois de esnobar os evang\u00e9licos, Lula sofre resist\u00eancia do segmento, agora planeja promover um grande evento com l\u00edderes crist\u00e3os"},"content":{"rendered":"\n<p>Depois de esnobar os crist\u00e3os, Lula sofre forte resist\u00eancia do eleitorado evang\u00e9lico, agora o presidente Luiz In\u00e1cio Lula da Silva (PT) planeja promover um grande evento com l\u00edderes crist\u00e3os no in\u00edcio de fevereiro para aproximar do segmento. A informa\u00e7\u00e3o foi divulgada pela coluna de Roseann Kennedy, do jornal O Estado de S\u00e3o Paulo.<\/p>\n\n\n\n<p>Um dos encarregados dessa miss\u00e3o \u00e9 o ministro-chefe da Advocacia-Geral da Uni\u00e3o (AGU), Jorge Messias, que frequenta a Igreja Batista. Ele afirma ser evang\u00e9lico \u201cdesde pequeno, quando n\u00e3o era moda\u201d, e que sua m\u00e3e o levava aos cultos.<\/p>\n\n\n\n<p>Para Messias, o governo deveria \u201capostar na estrat\u00e9gia do di\u00e1logo, com a qual se constr\u00f3i confian\u00e7a, para entender quais s\u00e3o as preocupa\u00e7\u00f5es\u201d do segmento, que corresponde a 30% do eleitorado brasileiro.<\/p>\n\n\n\n<p>Vale lembrar que na \u00faltima confer\u00eancia eleitoral do partido, realizada em dezembro, Lula questionou como a legenda vai chegar aos evang\u00e9licos, defendendo que o PT tem de aprender a \u201cconversar com essa gente trabalhadora, gente de bem, gente que muitas vezes agradece \u00e0 igreja por ter tirado o marido da cacha\u00e7a para cuidar da fam\u00edlia\u201d.<\/p>\n\n\n\n<p>\u2013 Ser\u00e1 que n\u00f3s estamos falando aquilo que o povo quer ouvir de n\u00f3s? Ser\u00e1 que n\u00f3s estamos tendo compet\u00eancia para convencer o povo das nossas verdades? \u2013 disse ele na ocasi\u00e3o.<\/p>\n\n\n\n<p>Para auxiliar nessa tarefa, a Funda\u00e7\u00e3o Perseu Abramo, centro de estudos fundado pelo PT, decidiu criar um n\u00facleo focado em estudar religi\u00f5es e como a sigla se relaciona com elas. De acordo com a coluna Painel, da Folha de S.Paulo, a f\u00e9 evang\u00e9lica ser\u00e1 a principal a ser analisada por ser a principal catalizadora da rejei\u00e7\u00e3o petista.<\/p>\n\n\n\n<p>\u2013 Precisamos dar uma atualizada no comportamento dos religiosos no Brasil, refletir sobre o que pensam e como podem se relacionar conosco \u2013 disse Paulo Okamotto, presidente da Funda\u00e7\u00e3o.<\/p>\n","protected":false},"excerpt":{"rendered":"<p>Depois de esnobar os crist\u00e3os, Lula sofre forte resist\u00eancia do eleitorado evang\u00e9lico, agora o presidente Luiz In\u00e1cio Lula da Silva (PT) planeja promover um grande evento com l\u00edderes crist\u00e3os no in\u00edcio de fevereiro para aproximar do segmento. A informa\u00e7\u00e3o foi divulgada pela coluna de Roseann Kennedy, do jornal O Estado de S\u00e3o Paulo. Um dos [&hellip;]<\/p>\n","protected":false},"author":2,"featured_media":18120,"comment_status":"open","ping_status":"open","sticky":false,"template":"","format":"standard","meta":[],"categories":[4],"tags":[],"_links":{"self":[{"href":"https:\/\/dgospel.com.br\/portal\/index.php\/wp-json\/wp\/v2\/posts\/18119"}],"collection":[{"href":"https:\/\/dgospel.com.br\/portal\/index.php\/wp-json\/wp\/v2\/posts"}],"about":[{"href":"https:\/\/dgospel.com.br\/portal\/index.php\/wp-json\/wp\/v2\/types\/post"}],"author":[{"embeddable":true,"href":"https:\/\/dgospel.com.br\/portal\/index.php\/wp-json\/wp\/v2\/users\/2"}],"replies":[{"embeddable":true,"href":"https:\/\/dgospel.com.br\/portal\/index.php\/wp-json\/wp\/v2\/comments?post=18119"}],"version-history":[{"count":1,"href":"https:\/\/dgospel.com.br\/portal\/index.php\/wp-json\/wp\/v2\/posts\/18119\/revisions"}],"predecessor-version":[{"id":18121,"href":"https:\/\/dgospel.com.br\/portal\/index.php\/wp-json\/wp\/v2\/posts\/18119\/revisions\/18121"}],"wp:featuredmedia":[{"embeddable":true,"href":"https:\/\/dgospel.com.br\/portal\/index.php\/wp-json\/wp\/v2\/media\/18120"}],"wp:attachment":[{"href":"https:\/\/dgospel.com.br\/portal\/index.php\/wp-json\/wp\/v2\/media?parent=18119"}],"wp:term":[{"taxonomy":"category","embeddable":true,"href":"https:\/\/dgospel.com.br\/portal\/index.php\/wp-json\/wp\/v2\/categories?post=18119"},{"taxonomy":"post_tag","embeddable":true,"href":"https:\/\/dgospel.com.br\/portal\/index.php\/wp-json\/wp\/v2\/tags?post=18119"}],"curies":[{"name":"wp","href":"https:\/\/api.w.org\/{rel}","templated":true}]}}