{"id":18122,"date":"2024-01-04T17:53:51","date_gmt":"2024-01-04T20:53:51","guid":{"rendered":"https:\/\/dgospel.com.br\/portal\/?p=18122"},"modified":"2024-01-04T17:53:52","modified_gmt":"2024-01-04T20:53:52","slug":"relatorio-da-sesai-revela-aumento-de-50-nas-mortes-de-yanomamis-em-2023","status":"publish","type":"post","link":"https:\/\/dgospel.com.br\/portal\/index.php\/2024\/01\/04\/relatorio-da-sesai-revela-aumento-de-50-nas-mortes-de-yanomamis-em-2023\/","title":{"rendered":"Relat\u00f3rio da Sesai revela aumento de 50% nas mortes de yanomamis em 2023"},"content":{"rendered":"\n<p>Em 2023, a comunidade ianom\u00e2mi enfrentou um alarmante aumento de 50% nas mortes em compara\u00e7\u00e3o com 2022, segundo um relat\u00f3rio divulgado pela Secretaria de Sa\u00fade Ind\u00edgena (Sesai) do Minist\u00e9rio da Sa\u00fade em 21 de dezembro. Este relat\u00f3rio, que inclui dados at\u00e9 novembro, registra 308 mortes em 2023, um salto significativo das 209 mortes registradas no ano anterior.<\/p>\n\n\n\n<p>O governo Lula, que acusou o governo anterior de Jair Bolsonaro de \u201cgen0c\u00eddio\u201d contra os ianom\u00e2mis, divulgou em 2022 que houve um total de 209 mortes na Terra Ind\u00edgena Ianom\u00e2mi, localizada em Roraima, na Regi\u00e3o Norte do Brasil.<\/p>\n\n\n\n<p>A situa\u00e7\u00e3o cr\u00edtica ganhou destaque ap\u00f3s a divulga\u00e7\u00e3o de imagens de ind\u00edgenas com desnutri\u00e7\u00e3o cr\u00f4nica. Em resposta, o ministro da Justi\u00e7a e Seguran\u00e7a P\u00fablica, Fl\u00e1vio Dino, ordenou em janeiro uma investiga\u00e7\u00e3o pela Pol\u00edcia Federal sobre a suposta pr\u00e1tica de omiss\u00e3o de socorro e gen0c\u00eddio no governo Bolsonaro. Logo ap\u00f3s, o ministro do STF, Lu\u00eds Roberto Barroso, expandiu a investiga\u00e7\u00e3o, que agora tramita sob sigilo.<\/p>\n\n\n\n<p>De acordo com a Sesai, das 308 mortes em 2023, 162 foram de crian\u00e7as ianom\u00e2mis de zero a quatro anos, representando 52,5% do total. Dentre essas, 104 eram beb\u00eas de at\u00e9 um ano, equivalendo a um ter\u00e7o das mortes totais. As principais causas de morte inclu\u00edram doen\u00e7as respirat\u00f3rias, causas externas, e doen\u00e7as infecciosas e parasit\u00e1rias.<\/p>\n\n\n\n<p>Interessante notar que o n\u00famero de mortes de beb\u00eas ianom\u00e2mis em 2023 superou a m\u00e9dia dos cinco anos anteriores, incluindo o per\u00edodo da pandemia de covid-19. Entre 2018 e 2022, foram registrados 505 \u00f3bitos de crian\u00e7as at\u00e9 um ano, com uma m\u00e9dia anual de 101.<\/p>\n\n\n\n<p>A Sesai detalhou o n\u00famero de mortes entre 2018 e 2022 por faixa et\u00e1ria, totalizando 1.285 \u00f3bitos, uma m\u00e9dia de 257 mortes por ano. Este \u00edndice \u00e9 inferior ao registrado em 2023, s\u00f3 superado pelo ano de 2020, o primeiro da pandemia de covid-19.<\/p>\n\n\n\n<p>Em 2023, o governo Lula entregou 30 toneladas de alimentos e aplicou 60 mil doses de vacinas na Terra Ind\u00edgena Ianom\u00e2mi. Desde a declara\u00e7\u00e3o de emerg\u00eancia sanit\u00e1ria pelo governo Lula, o acesso \u00e0 regi\u00e3o foi restringido. A \u00e1rea abrange 9,6 milh\u00f5es de hectares no Brasil (e mais 8,2 milh\u00f5es de hectares na Venezuela), habitada por cerca de 31 mil ind\u00edgenas, sendo 85% da etnia ianom\u00e2mi.<\/p>\n","protected":false},"excerpt":{"rendered":"<p>Em 2023, a comunidade ianom\u00e2mi enfrentou um alarmante aumento de 50% nas mortes em compara\u00e7\u00e3o com 2022, segundo um relat\u00f3rio divulgado pela Secretaria de Sa\u00fade Ind\u00edgena (Sesai) do Minist\u00e9rio da Sa\u00fade em 21 de dezembro. Este relat\u00f3rio, que inclui dados at\u00e9 novembro, registra 308 mortes em 2023, um salto significativo das 209 mortes registradas no [&hellip;]<\/p>\n","protected":false},"author":2,"featured_media":18123,"comment_status":"open","ping_status":"open","sticky":false,"template":"","format":"standard","meta":[],"categories":[10],"tags":[],"_links":{"self":[{"href":"https:\/\/dgospel.com.br\/portal\/index.php\/wp-json\/wp\/v2\/posts\/18122"}],"collection":[{"href":"https:\/\/dgospel.com.br\/portal\/index.php\/wp-json\/wp\/v2\/posts"}],"about":[{"href":"https:\/\/dgospel.com.br\/portal\/index.php\/wp-json\/wp\/v2\/types\/post"}],"author":[{"embeddable":true,"href":"https:\/\/dgospel.com.br\/portal\/index.php\/wp-json\/wp\/v2\/users\/2"}],"replies":[{"embeddable":true,"href":"https:\/\/dgospel.com.br\/portal\/index.php\/wp-json\/wp\/v2\/comments?post=18122"}],"version-history":[{"count":1,"href":"https:\/\/dgospel.com.br\/portal\/index.php\/wp-json\/wp\/v2\/posts\/18122\/revisions"}],"predecessor-version":[{"id":18124,"href":"https:\/\/dgospel.com.br\/portal\/index.php\/wp-json\/wp\/v2\/posts\/18122\/revisions\/18124"}],"wp:featuredmedia":[{"embeddable":true,"href":"https:\/\/dgospel.com.br\/portal\/index.php\/wp-json\/wp\/v2\/media\/18123"}],"wp:attachment":[{"href":"https:\/\/dgospel.com.br\/portal\/index.php\/wp-json\/wp\/v2\/media?parent=18122"}],"wp:term":[{"taxonomy":"category","embeddable":true,"href":"https:\/\/dgospel.com.br\/portal\/index.php\/wp-json\/wp\/v2\/categories?post=18122"},{"taxonomy":"post_tag","embeddable":true,"href":"https:\/\/dgospel.com.br\/portal\/index.php\/wp-json\/wp\/v2\/tags?post=18122"}],"curies":[{"name":"wp","href":"https:\/\/api.w.org\/{rel}","templated":true}]}}