{"id":18125,"date":"2024-01-04T17:56:56","date_gmt":"2024-01-04T20:56:56","guid":{"rendered":"https:\/\/dgospel.com.br\/portal\/?p=18125"},"modified":"2024-01-04T17:56:57","modified_gmt":"2024-01-04T20:56:57","slug":"bolsonaro-aponta-provas-robustas-e-contundentes-contra-a-chapa-lula-alckmin-apos-documentario-vinculando-choquei-ao-governo","status":"publish","type":"post","link":"https:\/\/dgospel.com.br\/portal\/index.php\/2024\/01\/04\/bolsonaro-aponta-provas-robustas-e-contundentes-contra-a-chapa-lula-alckmin-apos-documentario-vinculando-choquei-ao-governo\/","title":{"rendered":"Bolsonaro aponta provas robustas e contundentes contra a chapa Lula\/Alckmin ap\u00f3s document\u00e1rio vinculando CHOQUEI ao Governo"},"content":{"rendered":"\n<p>O ex-presidente Jair Bolsonaro (PL) utilizou a rede social X, antigo Twitter, para se comentar sobre o esc\u00e2ndalo do \u201cgabinete do \u00f3dio\u201d associado ao governo Lula. A declara\u00e7\u00e3o foi feita nesta quarta-feira (3), em resposta \u00e0s revela\u00e7\u00f5es do document\u00e1rio \u201cChoquei \u2013 Lacrando Vidas\u201d, produzido pelo empres\u00e1rio Daniel Penin e lan\u00e7ado na \u00faltima segunda-feira (1\u00ba) no YouTube.<\/p>\n\n\n\n<p>Bolsonaro, em sua publica\u00e7\u00e3o, enfatizou a presen\u00e7a de \u201cprovas robustas e contundentes contra a chapa Lula\/Alckmin\u201d. Ele argumentou que as evid\u00eancias demonstram uma invers\u00e3o de acusa\u00e7\u00f5es, afirmando que \u201ctudo o que o PT sempre acusou Jair Bolsonaro, nos v\u00eddeos, v\u00ea-se exatamente o contr\u00e1rio\u201d. O ex-presidente tamb\u00e9m destacou a t\u00e1tica comumente usada pela esquerda de \u201cacuse-os do que voc\u00ea faz\u201d.<\/p>\n\n\n\n<p>O document\u00e1rio \u201cChoquei \u2013 Lacrando Vidas\u201d ganhou r\u00e1pida notoriedade no YouTube, destacando-se pela exposi\u00e7\u00e3o da rede de produ\u00e7\u00e3o de not\u00edcias da ag\u00eancia Mynd8, que trabalha com influenciadores renomados do Brasil e p\u00e1ginas de fofoca. O v\u00eddeo, em menos de 24 horas ap\u00f3s o lan\u00e7amento, j\u00e1 havia alcan\u00e7ado mais de 900 mil visualiza\u00e7\u00f5es, tornando-se um dos t\u00f3picos mais debatidos no X.<\/p>\n\n\n\n<p>Daniel Penin, produtor do document\u00e1rio, concentra-se na figura de Fatima Pissarra, respons\u00e1vel pela Mynd8, e investiga as atividades da empresa, co-fundada pela cantora Preta Gil. O document\u00e1rio aborda v\u00e1rias not\u00edcias fabricadas pela ag\u00eancia e revela a quantia significativa de dinheiro angariada para seu grupo, incluindo verbas provenientes do governo federal, que \u00e9 colocado no topo da trama.<\/p>\n\n\n\n<p>Outro ponto importante foi a reuni\u00e3o do presidente Lula com 50 influenciadores, realizada no dia 8 de fevereiro de 2023, no Pal\u00e1cio do Planalto, da qual membros da equipe do perfil Choquei, e outros perfis do mesmo seguimento, participaram e todos registraram fotos com Lula.<\/p>\n\n\n\n<p>Diante da repercuss\u00e3o do document\u00e1rio, a Mynd8 retirou seu site do ar, e Pissarra restringiu os coment\u00e1rios em suas redes sociais, buscando evitar cr\u00edticas de opositores. A morte da jovem J\u00e9ssica Canedo, mencionada no document\u00e1rio, \u00e9 apontada como uma consequ\u00eancia das fake news disseminadas pelos perfis associados \u00e0 rede.<\/p>\n\n\n\n<figure class=\"wp-block-embed is-type-video is-provider-youtube wp-block-embed-youtube wp-embed-aspect-16-9 wp-has-aspect-ratio\"><div class=\"wp-block-embed__wrapper\">\n<iframe loading=\"lazy\" title=\"CHOQUEI - Lacrando Vidas\" width=\"630\" height=\"354\" src=\"https:\/\/www.youtube.com\/embed\/FC1jngBKLKI?feature=oembed\" frameborder=\"0\" allow=\"accelerometer; autoplay; clipboard-write; encrypted-media; gyroscope; picture-in-picture; web-share\" allowfullscreen><\/iframe>\n<\/div><\/figure>\n","protected":false},"excerpt":{"rendered":"<p>O ex-presidente Jair Bolsonaro (PL) utilizou a rede social X, antigo Twitter, para se comentar sobre o esc\u00e2ndalo do \u201cgabinete do \u00f3dio\u201d associado ao governo Lula. A declara\u00e7\u00e3o foi feita nesta quarta-feira (3), em resposta \u00e0s revela\u00e7\u00f5es do document\u00e1rio \u201cChoquei \u2013 Lacrando Vidas\u201d, produzido pelo empres\u00e1rio Daniel Penin e lan\u00e7ado na \u00faltima segunda-feira (1\u00ba) no [&hellip;]<\/p>\n","protected":false},"author":2,"featured_media":18126,"comment_status":"open","ping_status":"open","sticky":false,"template":"","format":"standard","meta":[],"categories":[4],"tags":[],"_links":{"self":[{"href":"https:\/\/dgospel.com.br\/portal\/index.php\/wp-json\/wp\/v2\/posts\/18125"}],"collection":[{"href":"https:\/\/dgospel.com.br\/portal\/index.php\/wp-json\/wp\/v2\/posts"}],"about":[{"href":"https:\/\/dgospel.com.br\/portal\/index.php\/wp-json\/wp\/v2\/types\/post"}],"author":[{"embeddable":true,"href":"https:\/\/dgospel.com.br\/portal\/index.php\/wp-json\/wp\/v2\/users\/2"}],"replies":[{"embeddable":true,"href":"https:\/\/dgospel.com.br\/portal\/index.php\/wp-json\/wp\/v2\/comments?post=18125"}],"version-history":[{"count":1,"href":"https:\/\/dgospel.com.br\/portal\/index.php\/wp-json\/wp\/v2\/posts\/18125\/revisions"}],"predecessor-version":[{"id":18127,"href":"https:\/\/dgospel.com.br\/portal\/index.php\/wp-json\/wp\/v2\/posts\/18125\/revisions\/18127"}],"wp:featuredmedia":[{"embeddable":true,"href":"https:\/\/dgospel.com.br\/portal\/index.php\/wp-json\/wp\/v2\/media\/18126"}],"wp:attachment":[{"href":"https:\/\/dgospel.com.br\/portal\/index.php\/wp-json\/wp\/v2\/media?parent=18125"}],"wp:term":[{"taxonomy":"category","embeddable":true,"href":"https:\/\/dgospel.com.br\/portal\/index.php\/wp-json\/wp\/v2\/categories?post=18125"},{"taxonomy":"post_tag","embeddable":true,"href":"https:\/\/dgospel.com.br\/portal\/index.php\/wp-json\/wp\/v2\/tags?post=18125"}],"curies":[{"name":"wp","href":"https:\/\/api.w.org\/{rel}","templated":true}]}}