{"id":18131,"date":"2024-01-05T12:37:18","date_gmt":"2024-01-05T15:37:18","guid":{"rendered":"https:\/\/dgospel.com.br\/portal\/?p=18131"},"modified":"2024-01-05T12:37:19","modified_gmt":"2024-01-05T15:37:19","slug":"balanco-2023-foi-um-ano-terrivel-para-os-cristaos-em-termos-de-perseguicao","status":"publish","type":"post","link":"https:\/\/dgospel.com.br\/portal\/index.php\/2024\/01\/05\/balanco-2023-foi-um-ano-terrivel-para-os-cristaos-em-termos-de-perseguicao\/","title":{"rendered":"Balan\u00e7o: 2023 foi um ano terr\u00edvel para os crist\u00e3os em termos de persegui\u00e7\u00e3o"},"content":{"rendered":"\n<p>Em 2023, o&nbsp;<strong>Guiame<\/strong>&nbsp;noticiou dezenas, entre centenas, de ataques a crist\u00e3os, no Brasil e no mundo, tanto a indiv\u00edduos quanto a comunidades inteiras, em virtude de convers\u00f5es ao cristianismo ou por persegui\u00e7\u00e3o religiosa.<\/p>\n\n\n\n<p>Dentre essas agress\u00f5es, numerosos ataques tiraram a vida de homens, mulheres e crian\u00e7as, como se nada valessem, simplesmente porque n\u00e3o renunciaram \u00e0 sua f\u00e9 em Jesus ou por manterem seus cultos crist\u00e3os.<\/p>\n\n\n\n<p>Um exemplo disso ocorreu na \u00cdndia, em janeiro de 2023, quando crist\u00e3os foram for\u00e7ados a buscar&nbsp;<strong><a href=\"https:\/\/guiame.com.br\/gospel\/mundo-cristao\/multidao-ataca-igreja-na-india-e-cristaos-fogem-para-florestas.html\">ref\u00fagio nas florestas<\/a><\/strong>&nbsp;para escapar de uma multid\u00e3o que atacou sua igreja.<\/p>\n\n\n\n<p>No decorrer de todo o ano, ainda, dezenas de ataques a casas de crist\u00e3os, viol\u00eancia contra mulheres e at\u00e9 crian\u00e7as, incluindo assassinatos foram registrados.<\/p>\n\n\n\n<p>Um caso emblem\u00e1tico, que chegou aos notici\u00e1rios, inclusive na m\u00eddia secular, aconteceu em agosto no Paquist\u00e3o, onde igrejas foram queimadas e crist\u00e3os torturados durante uma verdadeira ca\u00e7a feita por um grupo extremista mu\u00e7ulmano.<\/p>\n\n\n\n<p><img width=\"600\" src=\"https:\/\/thumbor.guiame.com.br\/unsafe\/smart\/https:\/\/media.guiame.com.br\/archives\/2023\/08\/24\/157246360-multidao-paquistao.jpg\" alt=\"\"><\/p>\n\n\n\n<p><sup>Uma multid\u00e3o de mu\u00e7ulmanos atacou um bairro crist\u00e3o em Jaranwala. (Foto: UCA News).<\/sup><\/p>\n\n\n\n<p>E o ano terminou com um ataque brutal a 160 crist\u00e3os, que acabaram mortos enquanto se preparavam para&nbsp;<strong><a href=\"https:\/\/guiame.com.br\/gospel\/missoes-acao-social\/160-cristaos-sao-mortos-enquanto-se-preparavam-para-cultos-de-natal-na-nigeria.html\">cultos de Natal na Nig\u00e9ria<\/a><\/strong>. Em uma s\u00e9rie de investidas cru\u00e9is em pelo menos 20 aldeias crist\u00e3s, terroristas mu\u00e7ulmanos assassinaram pastores, mulheres, crian\u00e7as e idosos, na v\u00e9spera de Natal.<\/p>\n\n\n\n<p><strong>\u2018Ano terr\u00edvel\u2019<\/strong><\/p>\n\n\n\n<p>Em um balan\u00e7o feito pelo editor do portal sul-africano R News, Henry Walsh, \u201c2023 foi mais um ano terr\u00edvel em termos de persegui\u00e7\u00e3o e opress\u00e3o\u201d.<\/p>\n\n\n\n<p>Segundo o editor, as guerras que dominaram os notici\u00e1rios, especialmente da R\u00fassia contra a Ucr\u00e2nia e, a partir do ataque terrorista em 7 de outubro, de Israel contra o Hamas, a situa\u00e7\u00e3o dos crist\u00e3os, que j\u00e1 n\u00e3o \u00e9 t\u00e3o noticiada quanto deveria, foi colocada em segundo plano, \u201cmesmo sendo a maior religi\u00e3o do mundo e a mais perseguida\u201d.<\/p>\n\n\n\n<p>Walsh escreveu um artigo para falar deste tema, dizendo que no Ocidente, as condi\u00e7\u00f5es para os crist\u00e3os tornam-se cada vez mais intolerantes sob o pretexto de toler\u00e2ncia ou do movimento \u201cwoke\u201d, que se tornou sin\u00f4nimo de pol\u00edticas liberais ou de esquerda.<\/p>\n\n\n\n<p>\u201cAlgu\u00e9m que vive a sua f\u00e9 sem vergonha enfrenta o isolamento, por vezes at\u00e9 ataques f\u00edsicos por parte dos intolerantes pregadores da toler\u00e2ncia. No entanto, tudo isto \u00e9 menor comparado com o que os crist\u00e3os do mundo n\u00e3o ocidental passam\u201d, escreveu o editor sul-africano.<\/p>\n\n\n\n<p><strong>\u2018Persegui\u00e7\u00e3o tripla\u2019<\/strong><\/p>\n\n\n\n<p>Ele aponta o Oriente M\u00e9dio, que \u00e9 dominado pelo Isl\u00e3, como a regi\u00e3o com a pior persegui\u00e7\u00e3o ao cristianismo.<\/p>\n\n\n\n<p>\u201cA persegui\u00e7\u00e3o l\u00e1 \u00e9 tripla: por governos opressivos e ditatoriais, especialmente onde os fundamentalistas mu\u00e7ulmanos est\u00e3o no comando; por&nbsp;<strong><a href=\"https:\/\/guiame.com.br\/gospel\/missoes-acao-social\/terroristas-matam-10-cristaos-apos-se-recusarem-negar-jesus-em-uganda.html\">terroristas isl\u00e2micos<\/a><\/strong>&nbsp;que visam particularmente reuni\u00f5es religiosas com bombardeamentos; pela popula\u00e7\u00e3o comum que \u00e9 facilmente influenciada e baseada em rumores torna a vida insuport\u00e1vel para os crist\u00e3os na sua regi\u00e3o\u201d.<\/p>\n\n\n\n<p>E continua: \u201c\u00c9 preocupante que cada vez mais crist\u00e3os que vivem juntos em comunidades no Oriente M\u00e9dio h\u00e1 s\u00e9culos estejam abandonando os seus pa\u00edses nos dias de hoje devido \u00e0s condi\u00e7\u00f5es insuport\u00e1veis. Assim, uma regi\u00e3o escura fica ainda mais escura.\u201d<\/p>\n\n\n\n<p><strong>Coreia do Norte<\/strong><\/p>\n\n\n\n<p>Walsh tamb\u00e9m cita a Coreia do Norte como o pa\u00eds com a pior persegui\u00e7\u00e3o \u00e9, inalterado durante d\u00e9cadas, a Coreia do Norte, que chegou a condenar um&nbsp;<strong><a href=\"https:\/\/guiame.com.br\/gospel\/missoes-acao-social\/coreia-do-norte-condena-bebe-de-2-anos-prisao-perpetua-por-pais-terem-uma-biblia.html\">beb\u00ea de 2 anos \u00e0 pris\u00e3o perp\u00e9tua<\/a><\/strong>&nbsp;por pais terem uma B\u00edblia. No pa\u00eds comunista, nenhuma religi\u00e3o \u00e9 permitida e apenas o l\u00edder deve ser \u201cadorado\u201d.<\/p>\n\n\n\n<p>Walsh diz que l\u00e1 os crist\u00e3os em particular, s\u00e3o vistos como falsos agentes do Ocidente e uma amea\u00e7a \u00e0 ordem ate\u00edsta, por isso est\u00e3o entrincheirados em campos de tortura.<\/p>\n\n\n\n<p><strong>China e Extremo Oriente<\/strong><\/p>\n\n\n\n<p>A persegui\u00e7\u00e3o do regime comunista chin\u00eas, sob&nbsp;<strong><a href=\"https:\/\/guiame.com.br\/gospel\/missoes-acao-social\/perseguicao-cristaos-xi-jinping-pede-mais-controle-de-atividades-religiosas-ilegais.html\">Xi Jinping<\/a><\/strong>&nbsp;tamb\u00e9m \u00e9 um escalabro contra os crist\u00e3os. Em agosto, o l\u00edder pediu mais controle sobre o que chamou de \u201catividades religiosas ilegais\u201d.<\/p>\n\n\n\n<p><img width=\"600\" src=\"https:\/\/thumbor.guiame.com.br\/unsafe\/smart\/https:\/\/media.guiame.com.br\/archives\/2023\/10\/23\/1113096317-xi-jinping.jpg\" alt=\"\"><\/p>\n\n\n\n<p><sup>Presidente da China, Xi Jinping. (Foto: Foreign, Commonwealth &amp; Development Office\/Flickr)<\/sup><\/p>\n\n\n\n<p>Tamb\u00e9m no resto do Extremo Oriente a situa\u00e7\u00e3o dos crist\u00e3os enfraqueceu, escreveu Walsh.<\/p>\n\n\n\n<p>\u201cEmbora h\u00e1 alguns anos ainda houvesse um tremendo crescimento de convers\u00f5es e de novas igrejas na China, com o governo comunista a dificultar cada vez menos isso, agora sob o ditador Xi Jinping, especialmente desde que a nova legisla\u00e7\u00e3o sobre religi\u00e3o entrou em vigor em 2018, h\u00e1 mais pressionam os crist\u00e3os a renunciarem \u00e0 sua f\u00e9.\u201d<\/p>\n\n\n\n<p>E continua: \u201cA China tamb\u00e9m est\u00e1 usando cada vez mais tecnologia para criar um sistema totalit\u00e1rio, como descrito e apresentado no famoso livro de 1984.\u201d<\/p>\n\n\n\n<p><strong>\u00c1frica e islamismo<\/strong><\/p>\n\n\n\n<p>Apesar de a \u00c1frica ser um continente onde h\u00e1 um grande progresso no trabalho mission\u00e1rio, Walsh lembra que a persegui\u00e7\u00e3o, especialmente por parte do Isl\u00e3, est\u00e1 cada vez mais intensa.<\/p>\n\n\n\n<p>\u201cA Nig\u00e9ria \u00e9 um dos piores pa\u00edses para os crist\u00e3os. Embora os crist\u00e3os representem quase metade da popula\u00e7\u00e3o, nas \u00e1reas onde o Isl\u00e3 domina eles s\u00e3o mortos por horr\u00edveis grupos terroristas como o Boko Haram, bem como igrejas e reuni\u00f5es s\u00e3o alvo\u201d.<\/p>\n\n\n\n<p>Esse grupo jihadista aliado aos extremistas Fulani, imp\u00f5e evacua\u00e7\u00f5es de comunidades crist\u00e3s inteiras, despojam seus animais e cultivos de subsist\u00eancia, al\u00e9m de implementarem crueldades como estupros, sequestros, al\u00e9m de queimar e decapitar crist\u00e3os.<\/p>\n\n\n\n<p>O caso de um&nbsp;<strong><a href=\"https:\/\/guiame.com.br\/gospel\/testemunhos\/crista-perdoa-terroristas-que-decapitaram-seu-pai-por-ele-se-recusar-estupra-la.html\">pastor brutalmente morto e decapitado<\/a><\/strong>&nbsp;\u00e9 um dos exemplos dos horrores perpetrados por esses extremistas. Janada Marcus, de 22 anos, relatou que seu pai tinha um peda\u00e7o de terra perto de Maiduguri, onde estavam trabalhando, felizes, cantando, at\u00e9 que a trag\u00e9dia aconteceu.<\/p>\n\n\n\n<p>\u201cOs governos em \u00c1frica s\u00e3o geralmente fracos e nada fazem para proteger os crist\u00e3os da persegui\u00e7\u00e3o\u201d, diz Walsh.<\/p>\n\n\n\n<p>Ele lembra que a Som\u00e1lia e o Sud\u00e3o s\u00e3o os piores pa\u00edses para os crist\u00e3os no continente africano, inclusive na \u00c1frica do Sul, onde Walsh nasceu e vive.<\/p>\n\n\n\n<p>\u201cAqui tamb\u00e9m ocorrem guerras civis. Os grupos terroristas isl\u00e2micos tamb\u00e9m controlam partes de pa\u00edses maioritariamente crist\u00e3os, como o Congo e Mo\u00e7ambique, e expulsam os crist\u00e3os das suas cidades e regi\u00f5es\u201d, diz.<\/p>\n\n\n\n<p><strong>Crist\u00e3os latino-americanos<\/strong><\/p>\n\n\n\n<p>A Am\u00e9rica Latina mesmo fazendo parte de um continente onde o cristianismo \u00e9 a religi\u00e3o dominante, existem governos socialistas como os da&nbsp;<strong><a href=\"https:\/\/guiame.com.br\/gospel\/noticias\/nicaragua-condena-bispo-26-anos-de-prisao-e-deporta-lideres-cristaos.html\">Nicar\u00e1gua<\/a><\/strong>, Cuba e Venezuela que consideram os crist\u00e3os hostis devido \u00e0s suas fortes convic\u00e7\u00f5es morais e tornam as suas vidas dif\u00edceis atrav\u00e9s da opress\u00e3o e da discrimina\u00e7\u00e3o.<\/p>\n\n\n\n<p><img width=\"600\" src=\"https:\/\/thumbor.guiame.com.br\/unsafe\/smart\/https:\/\/media.guiame.com.br\/archives\/2022\/11\/10\/1848408658-daniel-ortega.jpg\" alt=\"\"><\/p>\n\n\n\n<p><sup>Presidente nicaraguense Daniel Ortega. (Foto: Jos\u00e9 Luis Torres\/ Presidencia Rep\u00fablica Dominicana)<\/sup><\/p>\n\n\n\n<p>\u201cNoutros pa\u00edses, como a Col\u00f4mbia e o M\u00e9xico, as gangues e os grupos rebeldes t\u00eam como alvo espec\u00edfico os crist\u00e3os porque n\u00e3o se enquadram na cultura da viol\u00eancia e das drogas\u201d, relata o editor.<\/p>\n\n\n\n<p>No entanto, Walsh acredita que nos Estados da onda isl\u00e2mica pode haver um al\u00edvio para a persegui\u00e7\u00e3o aos crist\u00e3os, gra\u00e7as aos seus novos la\u00e7os com Israel e aos la\u00e7os econ\u00f4micos com o Ocidente, que est\u00e3o tornando esses pa\u00edses hoje em dia ligeiramente mais abertos e tolerantes.<\/p>\n","protected":false},"excerpt":{"rendered":"<p>Em 2023, o&nbsp;Guiame&nbsp;noticiou dezenas, entre centenas, de ataques a crist\u00e3os, no Brasil e no mundo, tanto a indiv\u00edduos quanto a comunidades inteiras, em virtude de convers\u00f5es ao cristianismo ou por persegui\u00e7\u00e3o religiosa. Dentre essas agress\u00f5es, numerosos ataques tiraram a vida de homens, mulheres e crian\u00e7as, como se nada valessem, simplesmente porque n\u00e3o renunciaram \u00e0 sua [&hellip;]<\/p>\n","protected":false},"author":2,"featured_media":18132,"comment_status":"open","ping_status":"open","sticky":false,"template":"","format":"standard","meta":[],"categories":[11,12,5],"tags":[],"_links":{"self":[{"href":"https:\/\/dgospel.com.br\/portal\/index.php\/wp-json\/wp\/v2\/posts\/18131"}],"collection":[{"href":"https:\/\/dgospel.com.br\/portal\/index.php\/wp-json\/wp\/v2\/posts"}],"about":[{"href":"https:\/\/dgospel.com.br\/portal\/index.php\/wp-json\/wp\/v2\/types\/post"}],"author":[{"embeddable":true,"href":"https:\/\/dgospel.com.br\/portal\/index.php\/wp-json\/wp\/v2\/users\/2"}],"replies":[{"embeddable":true,"href":"https:\/\/dgospel.com.br\/portal\/index.php\/wp-json\/wp\/v2\/comments?post=18131"}],"version-history":[{"count":1,"href":"https:\/\/dgospel.com.br\/portal\/index.php\/wp-json\/wp\/v2\/posts\/18131\/revisions"}],"predecessor-version":[{"id":18133,"href":"https:\/\/dgospel.com.br\/portal\/index.php\/wp-json\/wp\/v2\/posts\/18131\/revisions\/18133"}],"wp:featuredmedia":[{"embeddable":true,"href":"https:\/\/dgospel.com.br\/portal\/index.php\/wp-json\/wp\/v2\/media\/18132"}],"wp:attachment":[{"href":"https:\/\/dgospel.com.br\/portal\/index.php\/wp-json\/wp\/v2\/media?parent=18131"}],"wp:term":[{"taxonomy":"category","embeddable":true,"href":"https:\/\/dgospel.com.br\/portal\/index.php\/wp-json\/wp\/v2\/categories?post=18131"},{"taxonomy":"post_tag","embeddable":true,"href":"https:\/\/dgospel.com.br\/portal\/index.php\/wp-json\/wp\/v2\/tags?post=18131"}],"curies":[{"name":"wp","href":"https:\/\/api.w.org\/{rel}","templated":true}]}}