{"id":1814,"date":"2018-11-12T11:08:30","date_gmt":"2018-11-12T13:08:30","guid":{"rendered":"http:\/\/dgospel.com.br\/portal\/?p=1814"},"modified":"2018-11-12T11:08:30","modified_gmt":"2018-11-12T13:08:30","slug":"homem-atira-em-pastor-no-altar-durante-culto","status":"publish","type":"post","link":"https:\/\/dgospel.com.br\/portal\/index.php\/2018\/11\/12\/homem-atira-em-pastor-no-altar-durante-culto\/","title":{"rendered":"Homem atira em pastor no altar durante culto"},"content":{"rendered":"<div class=\"mc-column content-text active-extra-styles active-capital-letter\" data-block-type=\"unstyled\" data-block-weight=\"41\" data-block-id=\"2\">\n<p class=\"content-text__container theme-color-primary-first-letter\" data-track-category=\"Link no Texto\" data-track-links=\"\">Um homem baleou um pastor durante um culto em\u00a0<a href=\"http:\/\/g1.globo.com\/sp\/mogi-das-cruzes-suzano\/cidade\/mogi-das-cruzes.html\">Mogi das Cruzes.<\/a>\u00a0O disparo foi feito em dire\u00e7\u00e3o ao altar, durante uma prega\u00e7\u00e3o na noite deste domingo (11). Ele foi detido pelos fi\u00e9is da igreja at\u00e9 a chegada de policiais militar.<\/p>\n<\/div>\n<div class=\"wall protected-content\">\n<div class=\"mc-column content-text active-extra-styles \" data-block-type=\"unstyled\" data-block-weight=\"28\" data-block-id=\"3\">\n<p class=\"content-text__container \" data-track-category=\"Link no Texto\" data-track-links=\"\">De acordo com as informa\u00e7\u00f5es iniciais da PM, o pastor foi socorrido para um hospital particular da cidade, onde passa por cirurgia e n\u00e3o corre risco de morte.<\/p>\n<\/div>\n<div class=\"mc-column content-text active-extra-styles \" data-block-type=\"unstyled\" data-block-weight=\"49\" data-block-id=\"4\">\n<p class=\"content-text__container \" data-track-category=\"Link no Texto\" data-track-links=\"\">A igreja fica na Avenida Lothar Waldemar Hoenne, conhecida como Perimetral. Os fi\u00e9is relataram \u00e0 PM que o homem fez dois disparos na dire\u00e7\u00e3o do pastor. Ap\u00f3s a chegada da pol\u00edcia, o suspeito foi levado para o Hospital Luzia de Pinhho Melo, por causa dos ferimentos causados para cont\u00ea-lo.<\/p>\n<\/div>\n<div class=\"mc-column content-text active-extra-styles \" data-block-type=\"unstyled\" data-block-weight=\"20\" data-block-id=\"5\">\n<p class=\"content-text__container \" data-track-category=\"Link no Texto\" data-track-links=\"\">O homem disse aos policias, em um primeiro momento, que entrou na igreja para roubar, mas ainda vai prestar depoimento.<\/p>\n<\/div>\n<div data-track-category=\"fim do conteudo\" data-track-action=\"ultimo chunk conteudo\" data-track-noninteraction=\"false\" data-track-scroll=\"entrada completa viewport\">\n<div class=\"mc-column content-text active-extra-styles \" data-block-type=\"unstyled\" data-block-weight=\"19\" data-block-id=\"6\">\n<p class=\"content-text__container \" data-track-category=\"Link no Texto\" data-track-links=\"\">A pol\u00edcia apreendeu a arma dele e levou ao 1\u00ba Distrito Policial, onde o caso \u00e9 registrado neste domingo.<\/p>\n<\/div>\n<p data-track-category=\"Link no Texto\" data-track-links=\"\">Fonte:\u00a0\u00a0G1 Mogi das Cruzes e Suzano<\/p>\n<\/div>\n<\/div>\n","protected":false},"excerpt":{"rendered":"<p>Um homem baleou um pastor durante um culto em\u00a0Mogi das Cruzes.\u00a0O disparo foi feito em dire\u00e7\u00e3o ao altar, durante uma prega\u00e7\u00e3o na noite deste domingo (11). Ele foi detido pelos fi\u00e9is da igreja at\u00e9 a chegada de policiais militar. De acordo com as informa\u00e7\u00f5es iniciais da PM, o pastor foi socorrido para um hospital particular [&hellip;]<\/p>\n","protected":false},"author":2,"featured_media":1815,"comment_status":"open","ping_status":"open","sticky":false,"template":"","format":"standard","meta":[],"categories":[2,10,5],"tags":[],"_links":{"self":[{"href":"https:\/\/dgospel.com.br\/portal\/index.php\/wp-json\/wp\/v2\/posts\/1814"}],"collection":[{"href":"https:\/\/dgospel.com.br\/portal\/index.php\/wp-json\/wp\/v2\/posts"}],"about":[{"href":"https:\/\/dgospel.com.br\/portal\/index.php\/wp-json\/wp\/v2\/types\/post"}],"author":[{"embeddable":true,"href":"https:\/\/dgospel.com.br\/portal\/index.php\/wp-json\/wp\/v2\/users\/2"}],"replies":[{"embeddable":true,"href":"https:\/\/dgospel.com.br\/portal\/index.php\/wp-json\/wp\/v2\/comments?post=1814"}],"version-history":[{"count":1,"href":"https:\/\/dgospel.com.br\/portal\/index.php\/wp-json\/wp\/v2\/posts\/1814\/revisions"}],"predecessor-version":[{"id":1816,"href":"https:\/\/dgospel.com.br\/portal\/index.php\/wp-json\/wp\/v2\/posts\/1814\/revisions\/1816"}],"wp:featuredmedia":[{"embeddable":true,"href":"https:\/\/dgospel.com.br\/portal\/index.php\/wp-json\/wp\/v2\/media\/1815"}],"wp:attachment":[{"href":"https:\/\/dgospel.com.br\/portal\/index.php\/wp-json\/wp\/v2\/media?parent=1814"}],"wp:term":[{"taxonomy":"category","embeddable":true,"href":"https:\/\/dgospel.com.br\/portal\/index.php\/wp-json\/wp\/v2\/categories?post=1814"},{"taxonomy":"post_tag","embeddable":true,"href":"https:\/\/dgospel.com.br\/portal\/index.php\/wp-json\/wp\/v2\/tags?post=1814"}],"curies":[{"name":"wp","href":"https:\/\/api.w.org\/{rel}","templated":true}]}}