{"id":18140,"date":"2024-01-06T09:53:10","date_gmt":"2024-01-06T12:53:10","guid":{"rendered":"https:\/\/dgospel.com.br\/portal\/?p=18140"},"modified":"2024-01-06T09:53:11","modified_gmt":"2024-01-06T12:53:11","slug":"com-nisia-fiocruz-vendeu-testes-de-covid-com-sobrepreco-de-700","status":"publish","type":"post","link":"https:\/\/dgospel.com.br\/portal\/index.php\/2024\/01\/06\/com-nisia-fiocruz-vendeu-testes-de-covid-com-sobrepreco-de-700\/","title":{"rendered":"Com N\u00edsia, Fiocruz vendeu testes de Covid com sobrepre\u00e7o de 700%"},"content":{"rendered":"\n<p>O Minist\u00e9rio da Sa\u00fade pagou \u00e0 Funda\u00e7\u00e3o Oswaldo Cruz (<a href=\"http:\/\/pleno.news\/tag\/fiocruz\" target=\"_blank\" rel=\"noreferrer noopener\">Fiocruz<\/a>), no final de 2022, quase oito vezes mais do que os valores praticados pela iniciativa privada por testes de Covid-19. O detalhe \u00e9 que a Fiocruz era presidida, na \u00e9poca, pela atual ministra da Sa\u00fade, N\u00edsia Trindade. A informa\u00e7\u00e3o foi divulgada pelo colunista Rodrigo Rangel, do site Metr\u00f3poles.<\/p>\n\n\n\n<p>De acordo com o jornalista, o Minist\u00e9rio da Sa\u00fade tinha uma licita\u00e7\u00e3o em andamento para a aquisi\u00e7\u00e3o dos testes; por\u00e9m, foi esta suspensa pouco antes da aquisi\u00e7\u00e3o com a Fiocruz. Na ocasi\u00e3o, foram comprados ao menos 3 milh\u00f5es de testes ao pre\u00e7o unit\u00e1rio de R$ 19,40. Entretanto, no processo licitat\u00f3rio, do qual participavam 35 empresas, algumas ofertas chegavam a R$ 2,49 por teste.<\/p>\n\n\n\n<p>Com base nesses dados, \u00e9 poss\u00edvel concluir que o valor fechado pela pasta com a Fiocruz foi 679% superior ao menor pre\u00e7o ofertado na concorr\u00eancia. A compra, que aconteceu em dezembro de 2022, foi feita por meio de um acordo de coopera\u00e7\u00e3o t\u00e9cnica.<\/p>\n\n\n\n<p>A aquisi\u00e7\u00e3o dos testes virou alvo do Tribunal de Contas da Uni\u00e3o (TCU), onde auditores atestaram o sobrepre\u00e7o e detectaram irregularidades tanto na decis\u00e3o que suspendeu a licita\u00e7\u00e3o quanto na contrata\u00e7\u00e3o direta com a Fiocruz. No ano passado, a Corte ordenou a suspens\u00e3o do acordo com a funda\u00e7\u00e3o.<\/p>\n\n\n\n<p>Procurado pela coluna de Rodrigo Rangel, o Minist\u00e9rio da Sa\u00fade se limitou a responder que o processo licitat\u00f3rio que estava em andamento \u00e0 \u00e9poca foi suspenso, porque empresas participantes foram desclassificadas. N\u00e3o houve resposta, por\u00e9m, sobre o valor de R$ 19,40 acertado com a Fiocruz.<\/p>\n\n\n\n<p>Ainda de acordo com a pasta, um novo edital para compra de novos testes r\u00e1pidos de Covid-19 deve ser lan\u00e7ado em breve, com previs\u00e3o de entrega ainda no primeiro trimestre deste ano. A Fiocruz, por sua vez, disse que a venda dos testes ocorreu em um contexto que vai al\u00e9m da simples venda dos produtos e incluiu, por exemplo, a\u00e7\u00f5es para desenvolver a produ\u00e7\u00e3o nacional.<\/p>\n\n\n\n<p>\u2013 Como institui\u00e7\u00e3o vinculada ao Minist\u00e9rio da Sa\u00fade, o fornecimento de insumos e presta\u00e7\u00e3o de servi\u00e7os em sa\u00fade ao SUS ocorre em um contexto de sustenta\u00e7\u00e3o da base cient\u00edfica, tecnol\u00f3gica e industrial do Minist\u00e9rio da Sa\u00fade, modelo que vem permitindo importantes plataformas e produtos, com o objetivo de ampliar o acesso da popula\u00e7\u00e3o \u2013 disse a institui\u00e7\u00e3o.<\/p>\n\n\n\n<p>A Fiocruz n\u00e3o respondeu qual foi o papel de sua ent\u00e3o presidente, N\u00edsia Trindade, no acordo acertado com a pasta. De acordo com o TCU, a compra levou a um preju\u00edzo de R$ 400 milh\u00f5es aos cofres do governo federal.<\/p>\n","protected":false},"excerpt":{"rendered":"<p>O Minist\u00e9rio da Sa\u00fade pagou \u00e0 Funda\u00e7\u00e3o Oswaldo Cruz (Fiocruz), no final de 2022, quase oito vezes mais do que os valores praticados pela iniciativa privada por testes de Covid-19. O detalhe \u00e9 que a Fiocruz era presidida, na \u00e9poca, pela atual ministra da Sa\u00fade, N\u00edsia Trindade. A informa\u00e7\u00e3o foi divulgada pelo colunista Rodrigo Rangel, [&hellip;]<\/p>\n","protected":false},"author":2,"featured_media":18141,"comment_status":"open","ping_status":"open","sticky":false,"template":"","format":"standard","meta":[],"categories":[4],"tags":[],"_links":{"self":[{"href":"https:\/\/dgospel.com.br\/portal\/index.php\/wp-json\/wp\/v2\/posts\/18140"}],"collection":[{"href":"https:\/\/dgospel.com.br\/portal\/index.php\/wp-json\/wp\/v2\/posts"}],"about":[{"href":"https:\/\/dgospel.com.br\/portal\/index.php\/wp-json\/wp\/v2\/types\/post"}],"author":[{"embeddable":true,"href":"https:\/\/dgospel.com.br\/portal\/index.php\/wp-json\/wp\/v2\/users\/2"}],"replies":[{"embeddable":true,"href":"https:\/\/dgospel.com.br\/portal\/index.php\/wp-json\/wp\/v2\/comments?post=18140"}],"version-history":[{"count":1,"href":"https:\/\/dgospel.com.br\/portal\/index.php\/wp-json\/wp\/v2\/posts\/18140\/revisions"}],"predecessor-version":[{"id":18142,"href":"https:\/\/dgospel.com.br\/portal\/index.php\/wp-json\/wp\/v2\/posts\/18140\/revisions\/18142"}],"wp:featuredmedia":[{"embeddable":true,"href":"https:\/\/dgospel.com.br\/portal\/index.php\/wp-json\/wp\/v2\/media\/18141"}],"wp:attachment":[{"href":"https:\/\/dgospel.com.br\/portal\/index.php\/wp-json\/wp\/v2\/media?parent=18140"}],"wp:term":[{"taxonomy":"category","embeddable":true,"href":"https:\/\/dgospel.com.br\/portal\/index.php\/wp-json\/wp\/v2\/categories?post=18140"},{"taxonomy":"post_tag","embeddable":true,"href":"https:\/\/dgospel.com.br\/portal\/index.php\/wp-json\/wp\/v2\/tags?post=18140"}],"curies":[{"name":"wp","href":"https:\/\/api.w.org\/{rel}","templated":true}]}}