{"id":18143,"date":"2024-01-08T22:26:40","date_gmt":"2024-01-09T01:26:40","guid":{"rendered":"https:\/\/dgospel.com.br\/portal\/?p=18143"},"modified":"2024-01-08T22:26:41","modified_gmt":"2024-01-09T01:26:41","slug":"wanderlei-barbosa-mantem-agenda-de-trabalho-em-sua-residencia-mesmo-durante-periodo-de-repouso-medico","status":"publish","type":"post","link":"https:\/\/dgospel.com.br\/portal\/index.php\/2024\/01\/08\/wanderlei-barbosa-mantem-agenda-de-trabalho-em-sua-residencia-mesmo-durante-periodo-de-repouso-medico\/","title":{"rendered":"Wanderlei Barbosa mant\u00e9m agenda de trabalho em sua resid\u00eancia, mesmo durante per\u00edodo de repouso m\u00e9dico"},"content":{"rendered":"\n<p>O governador do Tocantins, Wanderlei Barbosa, manteve sua agenda de trabalho na manh\u00e3 desta segunda-feira, 8, mesmo estando em repouso por determina\u00e7\u00e3o m\u00e9dica. Ele conduziu, em sua resid\u00eancia, reuni\u00f5es importantes com o grupo gestor do Estado, prefeitos e, ainda, recebeu a visita do presidente da Assembleia Legislativa do Tocantins (Aleto), Am\u00e9lio Cayres.<br><br>Os encontros tiveram como foco principal a discuss\u00e3o de projetos estrat\u00e9gicos para a gest\u00e3o estadual em 2024 e o atendimento \u00e0s demandas dos munic\u00edpios. \u201cMesmo durante este per\u00edodo de repouso, mantenho uma dedica\u00e7\u00e3o atenta aos assuntos do Tocantins. Hoje, participei de uma reuni\u00e3o com o grupo gestor, prefeitos municipais e recebi a visita do presidente da Assembleia Legislativa, Am\u00e9lio Cayres. Demos continuidade \u00e0s discuss\u00f5es de temas diversos, garantindo assim a efici\u00eancia cont\u00ednua das a\u00e7\u00f5es do Governo\u201d, enfatizou Wanderlei Barbosa.<\/p>\n\n\n\n<p>O governador participou ativamente das discuss\u00f5es, ouvindo as demandas dos prefeitos e contribuindo para a formula\u00e7\u00e3o de estrat\u00e9gias eficazes. As pautas abordaram temas variados, incluindo sa\u00fade, educa\u00e7\u00e3o, infraestrutura e desenvolvimento econ\u00f4mico.<\/p>\n\n\n\n<p>O grupo gestor presente na reuni\u00e3o foi composto pelo secret\u00e1rio chefe da Casa Civil, Deocleciano Gomes, e dos secret\u00e1rios de Estado do Planejamento e Or\u00e7amento (Seplan), Sergislei Moura; da Fazenda (Sefaz), J\u00falio Edstron, e da Comunica\u00e7\u00e3o (Secom), M\u00e1rcio Rocha.\u00a0<\/p>\n\n\n\n<p><img src=\"https:\/\/central.to.gov.br\/image\/361607?w=670&amp;h=383\"><\/p>\n\n\n\n<p>Wanderlei Barbosa tamb\u00e9m se reuniu com presidente da Assembleia Legislativa, Am\u00e9lio Cayres, e diversos prefeitos &#8211; Divulga\u00e7\u00e3o\/Governo do Tocantins&nbsp;<\/p>\n","protected":false},"excerpt":{"rendered":"<p>O governador do Tocantins, Wanderlei Barbosa, manteve sua agenda de trabalho na manh\u00e3 desta segunda-feira, 8, mesmo estando em repouso por determina\u00e7\u00e3o m\u00e9dica. Ele conduziu, em sua resid\u00eancia, reuni\u00f5es importantes com o grupo gestor do Estado, prefeitos e, ainda, recebeu a visita do presidente da Assembleia Legislativa do Tocantins (Aleto), Am\u00e9lio Cayres. Os encontros tiveram [&hellip;]<\/p>\n","protected":false},"author":2,"featured_media":18144,"comment_status":"open","ping_status":"open","sticky":false,"template":"","format":"standard","meta":[],"categories":[3],"tags":[13],"_links":{"self":[{"href":"https:\/\/dgospel.com.br\/portal\/index.php\/wp-json\/wp\/v2\/posts\/18143"}],"collection":[{"href":"https:\/\/dgospel.com.br\/portal\/index.php\/wp-json\/wp\/v2\/posts"}],"about":[{"href":"https:\/\/dgospel.com.br\/portal\/index.php\/wp-json\/wp\/v2\/types\/post"}],"author":[{"embeddable":true,"href":"https:\/\/dgospel.com.br\/portal\/index.php\/wp-json\/wp\/v2\/users\/2"}],"replies":[{"embeddable":true,"href":"https:\/\/dgospel.com.br\/portal\/index.php\/wp-json\/wp\/v2\/comments?post=18143"}],"version-history":[{"count":1,"href":"https:\/\/dgospel.com.br\/portal\/index.php\/wp-json\/wp\/v2\/posts\/18143\/revisions"}],"predecessor-version":[{"id":18145,"href":"https:\/\/dgospel.com.br\/portal\/index.php\/wp-json\/wp\/v2\/posts\/18143\/revisions\/18145"}],"wp:featuredmedia":[{"embeddable":true,"href":"https:\/\/dgospel.com.br\/portal\/index.php\/wp-json\/wp\/v2\/media\/18144"}],"wp:attachment":[{"href":"https:\/\/dgospel.com.br\/portal\/index.php\/wp-json\/wp\/v2\/media?parent=18143"}],"wp:term":[{"taxonomy":"category","embeddable":true,"href":"https:\/\/dgospel.com.br\/portal\/index.php\/wp-json\/wp\/v2\/categories?post=18143"},{"taxonomy":"post_tag","embeddable":true,"href":"https:\/\/dgospel.com.br\/portal\/index.php\/wp-json\/wp\/v2\/tags?post=18143"}],"curies":[{"name":"wp","href":"https:\/\/api.w.org\/{rel}","templated":true}]}}