{"id":18152,"date":"2024-01-09T16:40:47","date_gmt":"2024-01-09T19:40:47","guid":{"rendered":"https:\/\/dgospel.com.br\/portal\/?p=18152"},"modified":"2024-01-09T16:40:49","modified_gmt":"2024-01-09T19:40:49","slug":"mais-da-metade-dos-governadores-nao-compareceram-ao-evento-politico-de-lula-sobre-8-de-janeiro","status":"publish","type":"post","link":"https:\/\/dgospel.com.br\/portal\/index.php\/2024\/01\/09\/mais-da-metade-dos-governadores-nao-compareceram-ao-evento-politico-de-lula-sobre-8-de-janeiro\/","title":{"rendered":"Mais da metade dos governadores n\u00e3o compareceram ao evento pol\u00edtico de Lula sobre 8 de janeiro"},"content":{"rendered":"\n<p>O evento realizado nesta segunda-feira (8), no Congresso Nacional, sobre a passagem de um ano dos atos de 8 de janeiro de 2023 n\u00e3o contou com a presen\u00e7a de 15 dos 27 governadores do pa\u00eds. Nomes como&nbsp;<a href=\"http:\/\/pleno.news\/tag\/tarcisio-de-freitas\" target=\"_blank\" rel=\"noreferrer noopener\">Tarc\u00edsio de Freitas<\/a>&nbsp;(Republicanos), governador de S\u00e3o Paulo; Cl\u00e1udio Castro (PL), do Rio de Janeiro, e&nbsp;<a href=\"http:\/\/pleno.news\/tag\/romeu-zema\" target=\"_blank\" rel=\"noreferrer noopener\">Romeu Zema<\/a>&nbsp;(Novo), de Minas Gerais, n\u00e3o compareceram.<\/p>\n\n\n\n<p>Durante a manh\u00e3 desta segunda, Zema chegou a confirmar presen\u00e7a e o evento chegou a ser inclu\u00eddo em sua agenda oficial, mas durante a tarde ele publicou um v\u00eddeo em que disse que mudou de ideia ap\u00f3s perceber que o compromisso havia se tornado um evento \u201cpol\u00edtico\u201d.<\/p>\n\n\n\n<p>Dos sete estados das regi\u00f5es Sul e Sudeste, apenas dois governadores compareceram: Eduardo Leite (PSDB), do Rio Grande do Sul; e Renato Casagrande (PSB), do Esp\u00edrito Santo. Do Centro-Oeste, nenhum governador foi ao evento. J\u00e1 da Regi\u00e3o Norte, apenas os governadores do Par\u00e1, Helder Barbalho (MDB); e do Amap\u00e1, Cl\u00e9cio Lu\u00eds (Solidariedade), marcaram presen\u00e7a.<\/p>\n\n\n\n<p>A \u00fanica regi\u00e3o a contar com a participa\u00e7\u00e3o da maioria de seus governadores foi a Nordeste, onde oito dos nove chefes dos Executivos estaduais estiveram no Congresso. A \u00fanica exce\u00e7\u00e3o foi o governador de Alagoas, Paulo Dantas (MDB), que mandou o vice, Ronaldo Lessa (PDT), como representante.<\/p>\n\n\n\n<p><strong>Confira a lista dos governadores que estiveram ausentes e presentes no evento:<\/strong><\/p>\n\n\n\n<p><strong>Governadores ausentes<\/strong><br>Tarc\u00edsio de Freitas (S\u00e3o Paulo)<br>Jorginho Mello (Santa Catarina)<br>Ratinho J\u00fanior (Paran\u00e1)<br>Ibaneis Rocha (Distrito Federal)<br>Ronaldo Caiado (Goi\u00e1s)<br>Cl\u00e1udio Castro (Rio de Janeiro)<br>Gladson Cameli (Acre)<br>Mauro Mendes (Mato Grosso)<br>Antonio Denarium (Roraima)<br>Eduardo Riedel (Mato Grosso do Sul)<br>Wilson Lima (Amazonas)<br>Romeu Zema (Minas Gerais)<br>Marcos Rocha (Rond\u00f4nia)<br>Wanderlei Barbosa (Tocantins)<br>Paulo Dantas (Alagoas)<\/p>\n\n\n\n<p><strong>Governadores presentes<\/strong><strong><br><\/strong>Renato Casagrande (Esp\u00edrito Santo)<br>Eduardo Leite (Rio Grande do Sul)<br>Cl\u00e9cio Luis (Amap\u00e1)<br>Helder Barbalho (Par\u00e1)<br>F\u00e1bio Mitidieri (Sergipe)<br>Jo\u00e3o Azevedo (Para\u00edba)<br>F\u00e1tima Bezerra (Rio Grande do Norte)<br>Jer\u00f4nimo Rodrigues (Bahia)<br>Elmano de Freitas (Cear\u00e1)<br>Carlos Brand\u00e3o (Maranh\u00e3o)<br>Raquel Lyra (Pernambuco)<br>Rafael Fonteles (Piau\u00ed)<\/p>\n","protected":false},"excerpt":{"rendered":"<p>O evento realizado nesta segunda-feira (8), no Congresso Nacional, sobre a passagem de um ano dos atos de 8 de janeiro de 2023 n\u00e3o contou com a presen\u00e7a de 15 dos 27 governadores do pa\u00eds. Nomes como&nbsp;Tarc\u00edsio de Freitas&nbsp;(Republicanos), governador de S\u00e3o Paulo; Cl\u00e1udio Castro (PL), do Rio de Janeiro, e&nbsp;Romeu Zema&nbsp;(Novo), de Minas Gerais, [&hellip;]<\/p>\n","protected":false},"author":2,"featured_media":18153,"comment_status":"open","ping_status":"open","sticky":false,"template":"","format":"standard","meta":[],"categories":[4],"tags":[],"_links":{"self":[{"href":"https:\/\/dgospel.com.br\/portal\/index.php\/wp-json\/wp\/v2\/posts\/18152"}],"collection":[{"href":"https:\/\/dgospel.com.br\/portal\/index.php\/wp-json\/wp\/v2\/posts"}],"about":[{"href":"https:\/\/dgospel.com.br\/portal\/index.php\/wp-json\/wp\/v2\/types\/post"}],"author":[{"embeddable":true,"href":"https:\/\/dgospel.com.br\/portal\/index.php\/wp-json\/wp\/v2\/users\/2"}],"replies":[{"embeddable":true,"href":"https:\/\/dgospel.com.br\/portal\/index.php\/wp-json\/wp\/v2\/comments?post=18152"}],"version-history":[{"count":1,"href":"https:\/\/dgospel.com.br\/portal\/index.php\/wp-json\/wp\/v2\/posts\/18152\/revisions"}],"predecessor-version":[{"id":18154,"href":"https:\/\/dgospel.com.br\/portal\/index.php\/wp-json\/wp\/v2\/posts\/18152\/revisions\/18154"}],"wp:featuredmedia":[{"embeddable":true,"href":"https:\/\/dgospel.com.br\/portal\/index.php\/wp-json\/wp\/v2\/media\/18153"}],"wp:attachment":[{"href":"https:\/\/dgospel.com.br\/portal\/index.php\/wp-json\/wp\/v2\/media?parent=18152"}],"wp:term":[{"taxonomy":"category","embeddable":true,"href":"https:\/\/dgospel.com.br\/portal\/index.php\/wp-json\/wp\/v2\/categories?post=18152"},{"taxonomy":"post_tag","embeddable":true,"href":"https:\/\/dgospel.com.br\/portal\/index.php\/wp-json\/wp\/v2\/tags?post=18152"}],"curies":[{"name":"wp","href":"https:\/\/api.w.org\/{rel}","templated":true}]}}