{"id":18164,"date":"2024-01-10T19:00:38","date_gmt":"2024-01-10T22:00:38","guid":{"rendered":"https:\/\/dgospel.com.br\/portal\/?p=18164"},"modified":"2024-01-10T19:00:44","modified_gmt":"2024-01-10T22:00:44","slug":"video-da-esquerda-invadindo-a-camara-em-2006-volta-a-viralizar","status":"publish","type":"post","link":"https:\/\/dgospel.com.br\/portal\/index.php\/2024\/01\/10\/video-da-esquerda-invadindo-a-camara-em-2006-volta-a-viralizar\/","title":{"rendered":"V\u00eddeo da esquerda invadindo a C\u00e2mara em 2006 volta a viralizar"},"content":{"rendered":"\n<p>H\u00e1 quase 18 anos, centenas de integrantes do grupo de esquerda Movimento de Liberta\u00e7\u00e3o dos Sem Terra (MLST) invadiram a C\u00e2mara dos Deputados. Naquela ocasi\u00e3o, por volta das 15h do dia 6 de junho de 2006, um ataque violento deixou diversas pessoas feridas, a maioria delas funcion\u00e1rias da Casa. O ato em quest\u00e3o era comandado por Bruno Maranh\u00e3o, l\u00edder do MLST na \u00e9poca e um dos fundadores do PT.<\/p>\n\n\n\n<p>Nos \u00faltimos dias, registros daquela invas\u00e3o do MLST voltaram a viralizar nas redes sociais. Em um deles, publicado pelo deputado federal Capit\u00e3o Alberto Neto (PL-AM), \u00e9 relembrada inclusive uma fala proferida no dia 8 de janeiro de 2023, pelo presidente Lula (PT), na qual o petista diz: \u201cNunca voc\u00eas viram alguma not\u00edcia de algum partido de esquerda, de algum movimento de esquerda, que invadisse o Congresso\u201d.<\/p>\n\n\n\n<p>A realidade, por\u00e9m, \u00e9 bem diferente da fala de Lula, e aparece inclusive nos relatos dos ve\u00edculos de imprensa que registraram o 6 de junho. Na TV Globo, por exemplo, o \u00e2ncora William Bonner disse em pleno&nbsp;<em>Jornal Nacional<\/em>&nbsp;que o \u201cBrasil assistiu a um atentado contra a democracia\u201d. William Waack, ent\u00e3o no comando do&nbsp;<em>Jornal da Globo,&nbsp;<\/em>foi ainda mais enf\u00e1tico e chamou os invasores de \u201cgrupo sem lei\u201d.<\/p>\n\n\n\n<p>\u2013 Ningu\u00e9m precisa ficar surpreso com a depreda\u00e7\u00e3o da C\u00e2mara dos Deputados hoje por um grupo sem lei, que se intitula sem-terra, comandado por um dirigente nacional do PT \u2013 destacou Waack.<\/p>\n\n\n\n<p>O v\u00eddeo com a exposi\u00e7\u00e3o da fake news de Lula, publicado pelo deputado em 9 de janeiro do ano passado, dia seguinte aos atos na Pra\u00e7a dos Tr\u00eas Poderes, trouxe ainda um trecho de uma reportagem da Globo que ilustrou claramente o qu\u00e3o violenta foi a invas\u00e3o de 6 de junho de 2006.<\/p>\n\n\n\n<p>\u2013 A seguran\u00e7a foi pega de surpresa, os manifestantes chegaram de uma vez, viraram um carro e come\u00e7aram a atirar paus, cadeira, cones, pedra contra os seguran\u00e7as (\u2026). E a multid\u00e3o enfurecida invadiu o pr\u00e9dio da C\u00e2mara obedecendo ao comando do movimento \u2013 dizia um dos trechos da mat\u00e9ria.<\/p>\n\n\n\n<p>Na \u00e9poca, a ag\u00eancia de not\u00edcias da C\u00e2mara noticiou que um dos servidores da Pol\u00edcia Legislativa, identificado como Normando Fernandes, chegou a ser levado para a UTI de um hospital de Bras\u00edlia em raz\u00e3o de um afundamento craniano frontal esquerdo e edema cerebral. Posteriormente, ele se recuperou dos ferimentos.<\/p>\n\n\n\n<p>Os manifestantes, incluindo o l\u00edder do movimento, Bruno Maranh\u00e3o, foram presos. Entre as reivindica\u00e7\u00f5es do MLST estavam a atualiza\u00e7\u00e3o do \u00edndice de produtividade da terra (crit\u00e9rio utilizado para se classificar uma \u00e1rea como produtiva ou n\u00e3o) e a revoga\u00e7\u00e3o de uma lei que proibia, por dois anos, vistorias em terras ocupadas.<\/p>\n\n\n\n<p>O desenrolar jur\u00eddico do caso, no entanto, foi bem diferente da condu\u00e7\u00e3o atual do Supremo Tribunal Federal (STF) em rela\u00e7\u00e3o aos envolvidos nos atos de 8 de janeiro. Pouco mais de um m\u00eas depois do ocorrido, no dia 18 de julho de 2006, o jornal O Estado de S\u00e3o Paulo noticiou que a Justi\u00e7a Federal mandou soltar os \u00faltimos 32 integrantes do Movimento de Liberta\u00e7\u00e3o dos Sem-Terra (MLST) que permaneciam presos.<\/p>\n\n\n\n<p>Na ocasi\u00e3o, o jornal noticiou que 539 ativistas chegaram a ser detidos por causa da invas\u00e3o, mas boa parte deles foi solta logo nos primeiros dias ap\u00f3s o ocorrido. J\u00e1 sobre a soltura dos \u00faltimos 32 integrantes do MLST, segundo o ve\u00edculo, havia um posicionamento contr\u00e1rio do Minist\u00e9rio P\u00fablico Federal (MPF) que, na \u00e9poca, defendia que eles continuassem detidos.<\/p>\n\n\n\n<p><a href=\"https:\/\/www.instagram.com\/reel\/CnM74WFO9GY\/?utm_source=ig_embed&amp;ig_rid=63e21b33-a44b-4aae-a759-80048a8a6440\">https:\/\/www.instagram.com\/reel\/CnM74WFO9GY\/?utm_source=ig_embed&amp;ig_rid=63e21b33-a44b-4aae-a759-80048a8a6440<\/a><\/p>\n","protected":false},"excerpt":{"rendered":"<p>H\u00e1 quase 18 anos, centenas de integrantes do grupo de esquerda Movimento de Liberta\u00e7\u00e3o dos Sem Terra (MLST) invadiram a C\u00e2mara dos Deputados. Naquela ocasi\u00e3o, por volta das 15h do dia 6 de junho de 2006, um ataque violento deixou diversas pessoas feridas, a maioria delas funcion\u00e1rias da Casa. O ato em quest\u00e3o era comandado [&hellip;]<\/p>\n","protected":false},"author":2,"featured_media":18165,"comment_status":"open","ping_status":"open","sticky":false,"template":"","format":"standard","meta":[],"categories":[4],"tags":[],"_links":{"self":[{"href":"https:\/\/dgospel.com.br\/portal\/index.php\/wp-json\/wp\/v2\/posts\/18164"}],"collection":[{"href":"https:\/\/dgospel.com.br\/portal\/index.php\/wp-json\/wp\/v2\/posts"}],"about":[{"href":"https:\/\/dgospel.com.br\/portal\/index.php\/wp-json\/wp\/v2\/types\/post"}],"author":[{"embeddable":true,"href":"https:\/\/dgospel.com.br\/portal\/index.php\/wp-json\/wp\/v2\/users\/2"}],"replies":[{"embeddable":true,"href":"https:\/\/dgospel.com.br\/portal\/index.php\/wp-json\/wp\/v2\/comments?post=18164"}],"version-history":[{"count":1,"href":"https:\/\/dgospel.com.br\/portal\/index.php\/wp-json\/wp\/v2\/posts\/18164\/revisions"}],"predecessor-version":[{"id":18166,"href":"https:\/\/dgospel.com.br\/portal\/index.php\/wp-json\/wp\/v2\/posts\/18164\/revisions\/18166"}],"wp:featuredmedia":[{"embeddable":true,"href":"https:\/\/dgospel.com.br\/portal\/index.php\/wp-json\/wp\/v2\/media\/18165"}],"wp:attachment":[{"href":"https:\/\/dgospel.com.br\/portal\/index.php\/wp-json\/wp\/v2\/media?parent=18164"}],"wp:term":[{"taxonomy":"category","embeddable":true,"href":"https:\/\/dgospel.com.br\/portal\/index.php\/wp-json\/wp\/v2\/categories?post=18164"},{"taxonomy":"post_tag","embeddable":true,"href":"https:\/\/dgospel.com.br\/portal\/index.php\/wp-json\/wp\/v2\/tags?post=18164"}],"curies":[{"name":"wp","href":"https:\/\/api.w.org\/{rel}","templated":true}]}}