{"id":18167,"date":"2024-01-11T12:14:02","date_gmt":"2024-01-11T15:14:02","guid":{"rendered":"https:\/\/dgospel.com.br\/portal\/?p=18167"},"modified":"2024-01-11T12:14:03","modified_gmt":"2024-01-11T15:14:03","slug":"ministro-de-lula-vai-a-carnaval-e-paga-diarias-com-verba-publica","status":"publish","type":"post","link":"https:\/\/dgospel.com.br\/portal\/index.php\/2024\/01\/11\/ministro-de-lula-vai-a-carnaval-e-paga-diarias-com-verba-publica\/","title":{"rendered":"Ministro de Lula vai a carnaval e paga di\u00e1rias com verba p\u00fablica"},"content":{"rendered":"\n<p>O ministro da Secretaria-Geral da&nbsp;<a href=\"http:\/\/pleno.news\/tag\/presidencia-da-republica\" target=\"_blank\" rel=\"noreferrer noopener\">Presid\u00eancia da Rep\u00fablica<\/a>, M\u00e1rcio Mac\u00eado (PT), usou dinheiro p\u00fablico para custear a viagem de tr\u00eas servidores para Aracaju, em Sergipe, onde foi realizada uma festa de carnaval fora de \u00e9poca, em novembro do ano passado. Um deles foi um fot\u00f3grafo oficial da pasta que ficou encarregado de registrar o passo a passo de Mac\u00eado durante a folia.<\/p>\n\n\n\n<p>A agenda particular ocorreu entre os dias 3 e 5 de novembro. Para justificar as viagens dos assessores, a Secretaria-Geral alegou que eles iriam acompanhar Mac\u00eado em visita a uma ONG cuja sede, segundo dados da Receita Federal, fica em um munic\u00edpio vizinho a Aracaju. No entanto, a agenda oficial do ministro n\u00e3o registrou nenhuma miss\u00e3o no per\u00edodo.<\/p>\n\n\n\n<p>Apesar da justificativa apresentada oficialmente, Mac\u00eado n\u00e3o postou sequer uma foto do encontro na tal ONG em suas redes sociais \u2013 ao mesmo tempo em que publicou 28 imagens e um v\u00eddeo na folia. Aracaju \u00e9 o reduto eleitoral do ministro.<\/p>\n\n\n\n<p>Os tr\u00eas servidores tiveram passagens e di\u00e1rias pagas a mando do pr\u00f3prio ministro de Lula. A viagem custou R$ 18.559,27 aos cofres p\u00fablicos. O fot\u00f3grafo Bruno Fernandes da Silva, conhecido como Bruno Peres, o assessor Yuri Darlon G\u00f3is de Almeida e a gerente de projetos Tereza Raquel Gon\u00e7alves Ferreira receberam R$ 3.656 em di\u00e1rias do total. O restante se refere \u00e0s passagens.<\/p>\n\n\n\n<p>Bruno foi quem fotografou o ministro durante a agenda particular e as imagens publicadas nas redes sociais de Mac\u00eado s\u00e3o creditadas exatamente a ele. O fot\u00f3grafo tem um sal\u00e1rio de R$ 11.306,90. \u00c9 o mesmo valor recebido por Yuri, que \u00e9 assessor da Secretaria Nacional da Juventude da Pasta, e por Tereza, que \u00e9 gerente de projetos.<\/p>\n\n\n\n<p>Em uma das fotos, o ministro aparece ao lado do casal Lurian Lula da Silva e Danilo Segundo. Ela \u00e9 filha do presidente Luiz In\u00e1cio Lula da Silva (PT); ele, pr\u00e9-candidato \u00e0 prefeitura de Aracaju pelo Partido dos Trabalhadores.<\/p>\n\n\n\n<p>O Instituto Renascer Para A Vida, onde teria sido realizada a agenda de Mac\u00eado, fica na cidade de Nossa Senhora do Socorro, vizinha a Aracaju. A ONG atua na defesa de direitos sociais. O jornal O Estado de S\u00e3o Paulo tentou contato com a associa\u00e7\u00e3o em dois n\u00fameros que constam em Receita Federal, mas n\u00e3o obteve retorno.<\/p>\n\n\n\n<p>Procurada, a Secretaria-Geral da Presid\u00eancia da Rep\u00fablica informou que ir\u00e1 abrir uma sindic\u00e2ncia para investigar o caso. O Minist\u00e9rio P\u00fablico junto ao Tribunal de Contas da Uni\u00e3o (MPTCU) tamb\u00e9m pediu para o Tribunal de Contas da Uni\u00e3o (TCU) apurar se os recursos foram destinados de forma irregular.<\/p>\n\n\n\n<p><a href=\"https:\/\/www.instagram.com\/p\/CzQAvbkNMfQ\/?utm_source=ig_embed&amp;utm_campaign=loading\">https:\/\/www.instagram.com\/p\/CzQAvbkNMfQ\/?utm_source=ig_embed&amp;utm_campaign=loading<\/a><\/p>\n\n\n\n<p>*AE<\/p>\n","protected":false},"excerpt":{"rendered":"<p>O ministro da Secretaria-Geral da&nbsp;Presid\u00eancia da Rep\u00fablica, M\u00e1rcio Mac\u00eado (PT), usou dinheiro p\u00fablico para custear a viagem de tr\u00eas servidores para Aracaju, em Sergipe, onde foi realizada uma festa de carnaval fora de \u00e9poca, em novembro do ano passado. Um deles foi um fot\u00f3grafo oficial da pasta que ficou encarregado de registrar o passo a [&hellip;]<\/p>\n","protected":false},"author":2,"featured_media":18168,"comment_status":"open","ping_status":"open","sticky":false,"template":"","format":"standard","meta":[],"categories":[10],"tags":[],"_links":{"self":[{"href":"https:\/\/dgospel.com.br\/portal\/index.php\/wp-json\/wp\/v2\/posts\/18167"}],"collection":[{"href":"https:\/\/dgospel.com.br\/portal\/index.php\/wp-json\/wp\/v2\/posts"}],"about":[{"href":"https:\/\/dgospel.com.br\/portal\/index.php\/wp-json\/wp\/v2\/types\/post"}],"author":[{"embeddable":true,"href":"https:\/\/dgospel.com.br\/portal\/index.php\/wp-json\/wp\/v2\/users\/2"}],"replies":[{"embeddable":true,"href":"https:\/\/dgospel.com.br\/portal\/index.php\/wp-json\/wp\/v2\/comments?post=18167"}],"version-history":[{"count":1,"href":"https:\/\/dgospel.com.br\/portal\/index.php\/wp-json\/wp\/v2\/posts\/18167\/revisions"}],"predecessor-version":[{"id":18169,"href":"https:\/\/dgospel.com.br\/portal\/index.php\/wp-json\/wp\/v2\/posts\/18167\/revisions\/18169"}],"wp:featuredmedia":[{"embeddable":true,"href":"https:\/\/dgospel.com.br\/portal\/index.php\/wp-json\/wp\/v2\/media\/18168"}],"wp:attachment":[{"href":"https:\/\/dgospel.com.br\/portal\/index.php\/wp-json\/wp\/v2\/media?parent=18167"}],"wp:term":[{"taxonomy":"category","embeddable":true,"href":"https:\/\/dgospel.com.br\/portal\/index.php\/wp-json\/wp\/v2\/categories?post=18167"},{"taxonomy":"post_tag","embeddable":true,"href":"https:\/\/dgospel.com.br\/portal\/index.php\/wp-json\/wp\/v2\/tags?post=18167"}],"curies":[{"name":"wp","href":"https:\/\/api.w.org\/{rel}","templated":true}]}}