{"id":1817,"date":"2018-11-12T11:14:21","date_gmt":"2018-11-12T13:14:21","guid":{"rendered":"http:\/\/dgospel.com.br\/portal\/?p=1817"},"modified":"2018-11-12T11:14:21","modified_gmt":"2018-11-12T13:14:21","slug":"governo-busca-investimentos-na-ordem-de-r-35-milhoes-para-combate-a-incendios-florestais","status":"publish","type":"post","link":"https:\/\/dgospel.com.br\/portal\/index.php\/2018\/11\/12\/governo-busca-investimentos-na-ordem-de-r-35-milhoes-para-combate-a-incendios-florestais\/","title":{"rendered":"Governo busca investimentos na ordem de R$ 35 milh\u00f5es para combate \u00e0 inc\u00eandios florestais"},"content":{"rendered":"<p class=\"yiv8788198042MsoNormal\">Investimento ser\u00e1 destinado para consolida\u00e7\u00e3o de a\u00e7\u00f5es na \u00e1rea ambiental, ap\u00f3s an\u00e1lise t\u00e9cnica do Comit\u00ea Orientador do Fundo da Amaz\u00f4nia\/BNDS<\/p>\n<p class=\"yiv8788198042MsoNormal\">\n<b>Suene Moraes\/Governo do Tocantins<\/b><\/p>\n<p class=\"yiv8788198042MsoNormal\">O Governo do Tocantins, por meio da Secretaria de Estado do Meio Ambiente e Recursos H\u00eddricos (Semarh), participou da\u00a025\u00b0 reuni\u00e3o do Fundo da Amaz\u00f4nia\u00a0com o objetivo de conhecer os crit\u00e9rios para a apresenta\u00e7\u00e3o de projetos que buscam assegurar investimentos na ordem de R$ 35 milh\u00f5es, destinados para a\u00e7\u00f5es de preven\u00e7\u00e3o e combate \u00e0 inc\u00eandios. A reuni\u00e3o ocorreu nesta sexta-feira, 09, na sede do Minist\u00e9rio do Meio Ambiente (MMA), em Bras\u00edlia, e teve a participa\u00e7\u00e3o dos nove secret\u00e1rios estaduais do Meio Ambiente que integram a Amaz\u00f4nia Legal.<\/p>\n<p class=\"yiv8788198042MsoNormal\">\n<p class=\"yiv8788198042MsoNormal\">O investimento ser\u00e1 destinado para a consolida\u00e7\u00e3o de a\u00e7\u00f5es na \u00e1rea ambiental, por meio de projetos que ser\u00e3o selecionados, ap\u00f3s uma an\u00e1lise t\u00e9cnica do Comit\u00ea Orientador do Fundo da Amaz\u00f4nia\/BNDS. O\u00a0projeto tem o objetivo de conceder apoio para os Corpos de Bombeiros desenvolverem a estrutura operacional contra as queimadas.<\/p>\n<p class=\"yiv8788198042MsoNormal\">\n<p class=\"yiv8788198042MsoNormal\">Em rela\u00e7\u00e3o aos R$ 35 milh\u00f5es destinados ao Corpo de Bombeiros, os crit\u00e9rios apresentados pelo secret\u00e1rio de Mudan\u00e7as do Clima e Florestas do MMA, Thiago de Ara\u00fajo Mendes, est\u00e3o baseados em tr\u00eas eixos: formaliza\u00e7\u00e3o de governan\u00e7a entre os \u00f3rg\u00e3os envolvidos; resultados esperados, que \u00e9 a diminui\u00e7\u00e3o dos focos de inc\u00eandios; e por \u00faltimo, a preven\u00e7\u00e3o tendo como base o manejo integrado do fogo. \u201cA preocupa\u00e7\u00e3o \u00e9 garantir a manuten\u00e7\u00e3o dos equipamentos e a sustentabilidade das a\u00e7\u00f5es pelos pr\u00f3ximos tr\u00eas anos\u201d, explicou.<\/p>\n<p class=\"yiv8788198042MsoNormal\">\n<p class=\"yiv8788198042MsoNormal\">Para o secret\u00e1rio de estado do Meio Ambiente e Recursos H\u00eddricos, Leonardo Cintra, as opera\u00e7\u00f5es fortalecidas neste ano, de combate e preven\u00e7\u00e3o aos focos de inc\u00eandios, mostram que o Tocantins investiu na governan\u00e7a com a participa\u00e7\u00e3o de aproximadamente 20 \u00f3rg\u00e3os envolvidos em a\u00e7\u00f5es diretamente\u00a0<i>in loco<\/i>. \u201cJuntamente com o Corpo de Bombeiros e Defesa Civil as equipes estiveram presentes em 12 munic\u00edpios que todo ano apresentam maiores n\u00fameros de queimadas\u201d, explicou.<\/p>\n<p class=\"yiv8788198042MsoNormal\">\n<p class=\"yiv8788198042MsoNormal\">O cronograma contemplou o Decreto Emergencial publicado no Di\u00e1rio Oficial n\u00ba 5.823\/2018, declarando situa\u00e7\u00e3o de risco de desastre ambiental resultante de inc\u00eandios florestais na \u00e1rea de cobertura vegetal de 11 munic\u00edpios do Tocantins: Formoso do Araguaia, Lagoa da Confus\u00e3o, Almas, Lizarda, Mateiros, Palmas, Paran\u00e3, Pium, Ponte Alta do Tocantins, Rio Sono e Santa Rita do Tocantins. Al\u00e9m destes, Pedro Afonso tamb\u00e9m recebeu as a\u00e7\u00f5es.<\/p>\n<p class=\"yiv8788198042MsoNormal\">\n<p class=\"yiv8788198042MsoNormal\"><b>Fundo da Amaz\u00f4nia<\/b><b><\/b><\/p>\n<p class=\"yiv8788198042MsoNormal\">\n<p class=\"yiv8788198042MsoNormal\">O projeto ser\u00e1 apresentado no in\u00edcio do pr\u00f3ximo do ano para que os investimentos j\u00e1 possam ser utilizados na execu\u00e7\u00e3o do planejamento de 2019.<\/p>\n<p class=\"yiv8788198042MsoNormal\">\n<p class=\"yiv8788198042MsoNormal\">O Fundo Amaz\u00f4nia tem por finalidade captar doa\u00e7\u00f5es para investimentos n\u00e3o reembols\u00e1veis em a\u00e7\u00f5es de preven\u00e7\u00e3o, monitoramento e combate ao desmatamento, al\u00e9m de promo\u00e7\u00e3o da conserva\u00e7\u00e3o e do uso sustent\u00e1vel da Amaz\u00f4nia Legal. Tamb\u00e9m apoia o desenvolvimento de sistemas de monitoramento e controle do desmatamento no restante do Brasil e em outros pa\u00edses tropicais.<\/p>\n<p class=\"yiv8788198042MsoNormal\">\n","protected":false},"excerpt":{"rendered":"<p>Investimento ser\u00e1 destinado para consolida\u00e7\u00e3o de a\u00e7\u00f5es na \u00e1rea ambiental, ap\u00f3s an\u00e1lise t\u00e9cnica do Comit\u00ea Orientador do Fundo da Amaz\u00f4nia\/BNDS Suene Moraes\/Governo do Tocantins O Governo do Tocantins, por meio da Secretaria de Estado do Meio Ambiente e Recursos H\u00eddricos (Semarh), participou da\u00a025\u00b0 reuni\u00e3o do Fundo da Amaz\u00f4nia\u00a0com o objetivo de conhecer os crit\u00e9rios para [&hellip;]<\/p>\n","protected":false},"author":2,"featured_media":1818,"comment_status":"open","ping_status":"open","sticky":false,"template":"","format":"standard","meta":[],"categories":[2,3],"tags":[],"_links":{"self":[{"href":"https:\/\/dgospel.com.br\/portal\/index.php\/wp-json\/wp\/v2\/posts\/1817"}],"collection":[{"href":"https:\/\/dgospel.com.br\/portal\/index.php\/wp-json\/wp\/v2\/posts"}],"about":[{"href":"https:\/\/dgospel.com.br\/portal\/index.php\/wp-json\/wp\/v2\/types\/post"}],"author":[{"embeddable":true,"href":"https:\/\/dgospel.com.br\/portal\/index.php\/wp-json\/wp\/v2\/users\/2"}],"replies":[{"embeddable":true,"href":"https:\/\/dgospel.com.br\/portal\/index.php\/wp-json\/wp\/v2\/comments?post=1817"}],"version-history":[{"count":1,"href":"https:\/\/dgospel.com.br\/portal\/index.php\/wp-json\/wp\/v2\/posts\/1817\/revisions"}],"predecessor-version":[{"id":1819,"href":"https:\/\/dgospel.com.br\/portal\/index.php\/wp-json\/wp\/v2\/posts\/1817\/revisions\/1819"}],"wp:featuredmedia":[{"embeddable":true,"href":"https:\/\/dgospel.com.br\/portal\/index.php\/wp-json\/wp\/v2\/media\/1818"}],"wp:attachment":[{"href":"https:\/\/dgospel.com.br\/portal\/index.php\/wp-json\/wp\/v2\/media?parent=1817"}],"wp:term":[{"taxonomy":"category","embeddable":true,"href":"https:\/\/dgospel.com.br\/portal\/index.php\/wp-json\/wp\/v2\/categories?post=1817"},{"taxonomy":"post_tag","embeddable":true,"href":"https:\/\/dgospel.com.br\/portal\/index.php\/wp-json\/wp\/v2\/tags?post=1817"}],"curies":[{"name":"wp","href":"https:\/\/api.w.org\/{rel}","templated":true}]}}