{"id":18170,"date":"2024-01-11T12:17:33","date_gmt":"2024-01-11T15:17:33","guid":{"rendered":"https:\/\/dgospel.com.br\/portal\/?p=18170"},"modified":"2024-01-11T12:17:35","modified_gmt":"2024-01-11T15:17:35","slug":"lewandowski-ex-ministro-do-stf-aceita-convite-de-lula-para-chefiar-ministerio-da-justica","status":"publish","type":"post","link":"https:\/\/dgospel.com.br\/portal\/index.php\/2024\/01\/11\/lewandowski-ex-ministro-do-stf-aceita-convite-de-lula-para-chefiar-ministerio-da-justica\/","title":{"rendered":"Lewandowski, ex-ministro do STF, aceita convite de Lula para chefiar Minist\u00e9rio da Justi\u00e7a"},"content":{"rendered":"\n<p>O ex-ministro do Supremo Tribunal Federal (STF), Ricardo Lewandowski, aceitou o convite do presidente Luiz In\u00e1cio Lula da Silva (PT) para assumir o cargo de Ministro da Justi\u00e7a. A decis\u00e3o foi tomada ap\u00f3s um encontro na noite de quarta-feira (10), com Lula e Fl\u00e1vio Dino, atual ministro, que ser\u00e1 nomeado para o STF em fevereiro.<\/p>\n\n\n\n<p>Lewandowski, que se aposentou do STF em abril de 2023 ao completar 75 anos, era considerado o favorito de Lula para a posi\u00e7\u00e3o. O an\u00fancio oficial da nomea\u00e7\u00e3o est\u00e1 previsto para ocorrer ap\u00f3s uma nova reuni\u00e3o entre os envolvidos na manh\u00e3 de quinta-feira, 11, conforme consta na agenda oficial do presidente.<\/p>\n\n\n\n<p>A escolha de Lewandowski vem em um momento em que se discute a divis\u00e3o do Minist\u00e9rio da Justi\u00e7a. Enquanto Lula ofereceu a pasta completa ao novo ministro, h\u00e1 debates sobre a possibilidade de separar a \u00e1rea de Seguran\u00e7a P\u00fablica, uma manobra que beneficiaria o PSB com a sa\u00edda de Dino.<\/p>\n\n\n\n<p>Com uma carreira consolidada, Lewandowski \u00e9 advogado, presidente do Observat\u00f3rio da Democracia da AGU e membro do Tribunal Permanente de Revis\u00e3o do Mercosul. Ele se graduou em ci\u00eancia pol\u00edtica e doutorou-se em direito pela USP. Seu per\u00edodo no STF, de 2006 a 2023, foi marcado por severas cr\u00edticas \u00e0 Opera\u00e7\u00e3o Lava Jato e vota\u00e7\u00f5es totalmente alinhadas \u00e0 esquerda, incluindo a absolvi\u00e7\u00e3o de figuras do PT durante o julgamento do Mensal\u00e3o.<\/p>\n","protected":false},"excerpt":{"rendered":"<p>O ex-ministro do Supremo Tribunal Federal (STF), Ricardo Lewandowski, aceitou o convite do presidente Luiz In\u00e1cio Lula da Silva (PT) para assumir o cargo de Ministro da Justi\u00e7a. A decis\u00e3o foi tomada ap\u00f3s um encontro na noite de quarta-feira (10), com Lula e Fl\u00e1vio Dino, atual ministro, que ser\u00e1 nomeado para o STF em fevereiro. [&hellip;]<\/p>\n","protected":false},"author":2,"featured_media":18171,"comment_status":"open","ping_status":"open","sticky":false,"template":"","format":"standard","meta":[],"categories":[4],"tags":[13],"_links":{"self":[{"href":"https:\/\/dgospel.com.br\/portal\/index.php\/wp-json\/wp\/v2\/posts\/18170"}],"collection":[{"href":"https:\/\/dgospel.com.br\/portal\/index.php\/wp-json\/wp\/v2\/posts"}],"about":[{"href":"https:\/\/dgospel.com.br\/portal\/index.php\/wp-json\/wp\/v2\/types\/post"}],"author":[{"embeddable":true,"href":"https:\/\/dgospel.com.br\/portal\/index.php\/wp-json\/wp\/v2\/users\/2"}],"replies":[{"embeddable":true,"href":"https:\/\/dgospel.com.br\/portal\/index.php\/wp-json\/wp\/v2\/comments?post=18170"}],"version-history":[{"count":1,"href":"https:\/\/dgospel.com.br\/portal\/index.php\/wp-json\/wp\/v2\/posts\/18170\/revisions"}],"predecessor-version":[{"id":18172,"href":"https:\/\/dgospel.com.br\/portal\/index.php\/wp-json\/wp\/v2\/posts\/18170\/revisions\/18172"}],"wp:featuredmedia":[{"embeddable":true,"href":"https:\/\/dgospel.com.br\/portal\/index.php\/wp-json\/wp\/v2\/media\/18171"}],"wp:attachment":[{"href":"https:\/\/dgospel.com.br\/portal\/index.php\/wp-json\/wp\/v2\/media?parent=18170"}],"wp:term":[{"taxonomy":"category","embeddable":true,"href":"https:\/\/dgospel.com.br\/portal\/index.php\/wp-json\/wp\/v2\/categories?post=18170"},{"taxonomy":"post_tag","embeddable":true,"href":"https:\/\/dgospel.com.br\/portal\/index.php\/wp-json\/wp\/v2\/tags?post=18170"}],"curies":[{"name":"wp","href":"https:\/\/api.w.org\/{rel}","templated":true}]}}