{"id":18173,"date":"2024-01-11T12:22:17","date_gmt":"2024-01-11T15:22:17","guid":{"rendered":"https:\/\/dgospel.com.br\/portal\/?p=18173"},"modified":"2024-01-11T12:22:18","modified_gmt":"2024-01-11T15:22:18","slug":"lula-apoia-denuncia-de-genocidio-contra-israel-na-corte-de-haia","status":"publish","type":"post","link":"https:\/\/dgospel.com.br\/portal\/index.php\/2024\/01\/11\/lula-apoia-denuncia-de-genocidio-contra-israel-na-corte-de-haia\/","title":{"rendered":"Lula apoia den\u00fancia de genoc\u00eddio contra Israel na corte de Haia"},"content":{"rendered":"\n<p>O governo Luiz In\u00e1cio Lula da Silva decidiu nesta quarta-feira (10) subscrever, ou seja, aderir \u00e0 den\u00fancia por genoc\u00eddio contra o Estado de Israel, na Corte Internacional de Justi\u00e7a, em Haia. Mais cedo, o presidente recebeu no Pal\u00e1cio do Planalto a visita do embaixador palestino em Bras\u00edlia, Ibrahim Alzeben, que pediu o apoio brasileiro na corte internacional. A decis\u00e3o \u00e9 mais um gesto diplom\u00e1tico duro de rep\u00fadio do governo Lula a Israel e foi criticada pela comunidade judaica brasileira. O caso come\u00e7ar\u00e1 a ser julgado nesta quinta-feira (11).<\/p>\n\n\n\n<p>A Confedera\u00e7\u00e3o Israelita do Brasil (Conib) condenou o apoio brasileiro ao que chamou de a\u00e7\u00e3o \u201cc\u00ednica e perversa, que visa impedir Israel de se defender dos seus inimigos genocidas\u201d. A nota afirma que a decis\u00e3o \u201cdiverge da posi\u00e7\u00e3o de equil\u00edbrio e modera\u00e7\u00e3o da pol\u00edtica externa brasileira\u201d. O texto segue dizendo que a \u00c1frica do Sul \u201cinverte a realidade\u201d e lembra que o conflitou foi desencadeado pelo ataque do Hamas.<\/p>\n\n\n\n<p>J\u00e1 a nota divulgada pelo Itamaraty afirma que \u201c\u00e0 luz das flagrantes viola\u00e7\u00f5es ao direito internacional humanit\u00e1rio, o presidente manifestou seu apoio \u00e0 iniciativa da \u00c1frica do Sul de acionar a Corte Internacional de Justi\u00e7a para que determine que Israel cesse imediatamente todos os atos e medidas que possam constituir genoc\u00eddio ou crimes relacionados nos termos da Conven\u00e7\u00e3o para a Preven\u00e7\u00e3o e Repress\u00e3o do Crime de Genoc\u00eddio\u201d.<\/p>\n\n\n\n<p>Lula j\u00e1 tinha dado diversas declara\u00e7\u00f5es controversas a respeito da resposta militar de Israel, o que provocou desgaste diplom\u00e1tico. O presidente j\u00e1 vinha usando a palavra \u201cgenoc\u00eddio\u201d para descrever a guerra em Gaza e chegou a comparar os ataques do Hamas \u00e0s incurs\u00f5es e bombardeios promovidos pelas For\u00e7as de Defesa de Israel. Ao receber o primeiro grupo de brasileiros repatriados de Gaza, Lula acusou Israel de tamb\u00e9m praticar \u201cterrorismo\u201d.<\/p>\n\n\n\n<p>As declara\u00e7\u00f5es de Lula estremeceram a rela\u00e7\u00e3o do governo com a comunidade judaica. Entidades como a Conib, o Instituto Brasil Israel e a ONG StandWithUs Brasil criticaram no ano passado as posi\u00e7\u00f5es do petista sobre o conflito.<\/p>\n\n\n\n<p>Ap\u00f3s o encontro, o embaixador relatou o pedido a Lula, mas disse que o presidente n\u00e3o manifestara uma decis\u00e3o durante a audi\u00eancia. A den\u00fancia sul-africana, protocolada em dezembro, j\u00e1 recebeu apoio de pa\u00edses como a Bol\u00edvia. Tamb\u00e9m participaram o ministro das Rela\u00e7\u00f5es Exteriores, Mauro Vieira, e o assessor especial Celso Amorim.<\/p>\n\n\n\n<p>Segundo o embaixador, que se disse \u201cmuito satisfeito\u201d, os palestinos pediram tamb\u00e9m ajuda humanit\u00e1ria imediata a Gaza e Cisjord\u00e2nia, e ainda solicitaram a defesa de um cessar-fogo.<\/p>\n\n\n\n<p>Em nota, considerando os n\u00fameros divulgados pelo Minist\u00e9rio da Sa\u00fade de Gaza, que \u00e9 controlado pelo grupo terrorista Hamas e n\u00e3o podem ser verificados de maneira independente, o governo brasileiro diz que a guerra deixou mais de 23 mil mortos \u2013 70% deles mulheres e crian\u00e7as \u2013 e que h\u00e1 7 mil pessoas desaparecidas.<\/p>\n\n\n\n<p>\u2013 Mais de 80% da popula\u00e7\u00e3o foi objeto de transfer\u00eancia for\u00e7ada e os sistemas de sa\u00fade, de fornecimento de \u00e1gua, energia e alimentos est\u00e3o colapsados, o que caracteriza puni\u00e7\u00e3o coletiva \u2013 disse o Minist\u00e9rio das Rela\u00e7\u00f5es Exteriores.<\/p>\n\n\n\n<p>O Itamaraty voltou a dizer que o Brasil apoia a solu\u00e7\u00e3o de dois Estados \u201ccom um Estado Palestino economicamente vi\u00e1vel convivendo lado a lado com Israel, em paz e seguran\u00e7a, dentro de fronteiras mutuamente acordadas e internacionalmente reconhecidas, que incluem a Faixa de Gaza e a Cisjord\u00e2nia, tendo Jerusal\u00e9m Oriental como sua capital\u201d.<\/p>\n\n\n\n<p><strong>ENTENDA A CORTE INTERNACIONAL DE JUSTI\u00c7A<br><\/strong>A Corte foi criada junto com a ONU, em 1945, e \u00e9 tida como corpo judicial das Na\u00e7\u00f5es Unidas. Trata-se de uma institui\u00e7\u00e3o independente, que interpreta o direito internacional e arbitra os contenciosos entre pa\u00edses. Por ser sediada em Haia, na Holanda, \u00e9 confundida com frequ\u00eancia com o Tribunal Penal Internacional (TPI), conhecido tamb\u00e9m como Tribunal de Haia. Esse \u00faltimo, no entanto, tem atribui\u00e7\u00e3o de processar pessoas e n\u00e3o Estados.<\/p>\n\n\n\n<p>As audi\u00eancias marcadas para quinta e sexta-feira v\u00e3o discutir, no primeiro momento, o pedido por uma ordem emergencial para que Tel-Aviv interrompa os ataques que, segundo as alega\u00e7\u00f5es de Pret\u00f3ria, violam a Conven\u00e7\u00e3o para a Preven\u00e7\u00e3o e a Repress\u00e3o do Crime de Genoc\u00eddio, de 1948.<\/p>\n\n\n\n<p>N\u00e3o h\u00e1 prazo para o veredito, mas a expectativa \u00e9 que uma decis\u00e3o tempor\u00e1ria seja anunciada em breve. S\u00f3 depois, os 15 ju\u00edzes que comp\u00f5em o tribunal v\u00e3o analisar o m\u00e9rito da acusa\u00e7\u00e3o de genoc\u00eddio, julgamento que costumar durar, em m\u00e9dia, de cinco a dez anos.<\/p>\n\n\n\n<p>Na a\u00e7\u00e3o de 84 p\u00e1ginas, a \u00c1frica do Sul \u2013 que tem uma posi\u00e7\u00e3o de defesa dos palestinos \u2013 destaca o elevado n\u00famero v\u00edtimas civis, em especial crian\u00e7as, e o deslocamento for\u00e7ado de palestinos na Faixa de Gaza. Segundo a alega\u00e7\u00e3o, a \u201cinten\u00e7\u00e3o genocida\u201d seria refor\u00e7ada por declara\u00e7\u00f5es de integrantes do alto escal\u00e3o do governo, inclusive o primeiro-ministro Binyamin Netanyahu.<\/p>\n\n\n\n<p>Israel nega categoricamente.<\/p>\n\n\n\n<p>\u2013 N\u00e3o h\u00e1 nada mais atroz e absurdo do que esta afirma\u00e7\u00e3o \u2013 contestou o presidente Isaac Herzog.<\/p>\n\n\n\n<p>\u2013 Na verdade, os nossos inimigos, o Hamas, na sua carta, apelam \u00e0 destrui\u00e7\u00e3o e aniquila\u00e7\u00e3o do Estado de Israel, o \u00fanico Estado-na\u00e7\u00e3o do povo judeu \u2013 completou.<\/p>\n\n\n\n<p>*Com informa\u00e7\u00f5es AE<\/p>\n","protected":false},"excerpt":{"rendered":"<p>O governo Luiz In\u00e1cio Lula da Silva decidiu nesta quarta-feira (10) subscrever, ou seja, aderir \u00e0 den\u00fancia por genoc\u00eddio contra o Estado de Israel, na Corte Internacional de Justi\u00e7a, em Haia. Mais cedo, o presidente recebeu no Pal\u00e1cio do Planalto a visita do embaixador palestino em Bras\u00edlia, Ibrahim Alzeben, que pediu o apoio brasileiro na [&hellip;]<\/p>\n","protected":false},"author":2,"featured_media":18174,"comment_status":"open","ping_status":"open","sticky":false,"template":"","format":"standard","meta":[],"categories":[4],"tags":[],"_links":{"self":[{"href":"https:\/\/dgospel.com.br\/portal\/index.php\/wp-json\/wp\/v2\/posts\/18173"}],"collection":[{"href":"https:\/\/dgospel.com.br\/portal\/index.php\/wp-json\/wp\/v2\/posts"}],"about":[{"href":"https:\/\/dgospel.com.br\/portal\/index.php\/wp-json\/wp\/v2\/types\/post"}],"author":[{"embeddable":true,"href":"https:\/\/dgospel.com.br\/portal\/index.php\/wp-json\/wp\/v2\/users\/2"}],"replies":[{"embeddable":true,"href":"https:\/\/dgospel.com.br\/portal\/index.php\/wp-json\/wp\/v2\/comments?post=18173"}],"version-history":[{"count":1,"href":"https:\/\/dgospel.com.br\/portal\/index.php\/wp-json\/wp\/v2\/posts\/18173\/revisions"}],"predecessor-version":[{"id":18175,"href":"https:\/\/dgospel.com.br\/portal\/index.php\/wp-json\/wp\/v2\/posts\/18173\/revisions\/18175"}],"wp:featuredmedia":[{"embeddable":true,"href":"https:\/\/dgospel.com.br\/portal\/index.php\/wp-json\/wp\/v2\/media\/18174"}],"wp:attachment":[{"href":"https:\/\/dgospel.com.br\/portal\/index.php\/wp-json\/wp\/v2\/media?parent=18173"}],"wp:term":[{"taxonomy":"category","embeddable":true,"href":"https:\/\/dgospel.com.br\/portal\/index.php\/wp-json\/wp\/v2\/categories?post=18173"},{"taxonomy":"post_tag","embeddable":true,"href":"https:\/\/dgospel.com.br\/portal\/index.php\/wp-json\/wp\/v2\/tags?post=18173"}],"curies":[{"name":"wp","href":"https:\/\/api.w.org\/{rel}","templated":true}]}}