{"id":18176,"date":"2024-01-13T11:56:20","date_gmt":"2024-01-13T14:56:20","guid":{"rendered":"https:\/\/dgospel.com.br\/portal\/?p=18176"},"modified":"2024-01-13T11:56:21","modified_gmt":"2024-01-13T14:56:21","slug":"pena-que-o-presidente-brasileiro-apoiou-acusacoes-sem-base-diz-embaixador-de-israel","status":"publish","type":"post","link":"https:\/\/dgospel.com.br\/portal\/index.php\/2024\/01\/13\/pena-que-o-presidente-brasileiro-apoiou-acusacoes-sem-base-diz-embaixador-de-israel\/","title":{"rendered":"\u201cPena que o presidente brasileiro apoiou acusa\u00e7\u00f5es sem base\u201d, diz embaixador de Israel"},"content":{"rendered":"\n<p>O embaixador de Israel no Brasil, Daniel Zohar Zonshine, expressou desapontamento com o apoio do presidente Luiz In\u00e1cio Lula da Silva \u00e0 a\u00e7\u00e3o movida pela \u00c1frica do Sul contra Israel na Corte Internacional de Justi\u00e7a (CIJ). A acusa\u00e7\u00e3o sul-africana contra Israel \u00e9 de cometer \u201cgenoc\u00eddio\u201d contra os palestinos na Faixa de Gaza.<\/p>\n\n\n\n<p>Zonshine criticou a postura do presidente brasileiro ao declarar ao GLOBO: \u201cPena que o presidente brasileiro apoiou essas acusa\u00e7\u00f5es sem base\u201d. O embaixador argumenta que a a\u00e7\u00e3o da \u00c1frica do Sul n\u00e3o se alinha com a legisla\u00e7\u00e3o internacional e relembra que o Brasil segue os princ\u00edpios da ONU, onde genoc\u00eddio \u00e9 definido como um crime com a inten\u00e7\u00e3o de destruir um grupo nacional, racial, \u00e9tnico ou religioso. Ele mencionou um ataque do Hamas em 7 de outubro, considerado por ele como uma tentativa de matar israelenses.<\/p>\n\n\n\n<p>O Brasil, embora condenando os ataques terroristas do Hamas, posicionou-se contra o que considera uso desproporcional da for\u00e7a por Israel contra civis palestinos.<\/p>\n\n\n\n<p>Durante a sess\u00e3o da CIJ, a \u00c1frica do Sul sustentou que Israel age com \u201cinten\u00e7\u00e3o genocida\u201d em Gaza, citando declara\u00e7\u00f5es de autoridades israelenses, incluindo o ministro da Defesa, Yoav Gallant, sobre impor um cerco ao territ\u00f3rio.<\/p>\n\n\n\n<p>Zonshine enfatizou que Israel n\u00e3o visa matar palestinos, mas sim destruir o Hamas. Ele acusou o grupo de planejar novos ataques e atrocidades contra israelenses e destacou que o Hamas mant\u00e9m ref\u00e9ns sem acesso \u00e0 Cruz Vermelha, cometendo \u201cum crime de guerra atr\u00e1s do outro\u201d.<\/p>\n","protected":false},"excerpt":{"rendered":"<p>O embaixador de Israel no Brasil, Daniel Zohar Zonshine, expressou desapontamento com o apoio do presidente Luiz In\u00e1cio Lula da Silva \u00e0 a\u00e7\u00e3o movida pela \u00c1frica do Sul contra Israel na Corte Internacional de Justi\u00e7a (CIJ). A acusa\u00e7\u00e3o sul-africana contra Israel \u00e9 de cometer \u201cgenoc\u00eddio\u201d contra os palestinos na Faixa de Gaza. Zonshine criticou a [&hellip;]<\/p>\n","protected":false},"author":2,"featured_media":18177,"comment_status":"open","ping_status":"open","sticky":false,"template":"","format":"standard","meta":[],"categories":[16],"tags":[13],"_links":{"self":[{"href":"https:\/\/dgospel.com.br\/portal\/index.php\/wp-json\/wp\/v2\/posts\/18176"}],"collection":[{"href":"https:\/\/dgospel.com.br\/portal\/index.php\/wp-json\/wp\/v2\/posts"}],"about":[{"href":"https:\/\/dgospel.com.br\/portal\/index.php\/wp-json\/wp\/v2\/types\/post"}],"author":[{"embeddable":true,"href":"https:\/\/dgospel.com.br\/portal\/index.php\/wp-json\/wp\/v2\/users\/2"}],"replies":[{"embeddable":true,"href":"https:\/\/dgospel.com.br\/portal\/index.php\/wp-json\/wp\/v2\/comments?post=18176"}],"version-history":[{"count":1,"href":"https:\/\/dgospel.com.br\/portal\/index.php\/wp-json\/wp\/v2\/posts\/18176\/revisions"}],"predecessor-version":[{"id":18178,"href":"https:\/\/dgospel.com.br\/portal\/index.php\/wp-json\/wp\/v2\/posts\/18176\/revisions\/18178"}],"wp:featuredmedia":[{"embeddable":true,"href":"https:\/\/dgospel.com.br\/portal\/index.php\/wp-json\/wp\/v2\/media\/18177"}],"wp:attachment":[{"href":"https:\/\/dgospel.com.br\/portal\/index.php\/wp-json\/wp\/v2\/media?parent=18176"}],"wp:term":[{"taxonomy":"category","embeddable":true,"href":"https:\/\/dgospel.com.br\/portal\/index.php\/wp-json\/wp\/v2\/categories?post=18176"},{"taxonomy":"post_tag","embeddable":true,"href":"https:\/\/dgospel.com.br\/portal\/index.php\/wp-json\/wp\/v2\/tags?post=18176"}],"curies":[{"name":"wp","href":"https:\/\/api.w.org\/{rel}","templated":true}]}}