{"id":18182,"date":"2024-01-13T12:21:43","date_gmt":"2024-01-13T15:21:43","guid":{"rendered":"https:\/\/dgospel.com.br\/portal\/?p=18182"},"modified":"2024-01-13T12:21:44","modified_gmt":"2024-01-13T15:21:44","slug":"confederacao-israelita-emite-nota-de-repudio-contra-governo-lula","status":"publish","type":"post","link":"https:\/\/dgospel.com.br\/portal\/index.php\/2024\/01\/13\/confederacao-israelita-emite-nota-de-repudio-contra-governo-lula\/","title":{"rendered":"Confedera\u00e7\u00e3o Israelita emite nota de rep\u00fadio contra governo Lula"},"content":{"rendered":"\n<p>A Confedera\u00e7\u00e3o Israelita do Brasil (Conib) emitiu uma nota para condenar o apoio do governo brasileiro \u00e0 a\u00e7\u00e3o da \u00c1frica do Sul contra Israel, acusando o governo israelense de \u201cgenoc\u00eddio\u201d por causa da guerra com o Hamas.<\/p>\n\n\n\n<p>Com a assinatura do Brasil e outras 13 na\u00e7\u00f5es, a \u00c1frica do Sul levou o caso para a Corte Internacional de Justi\u00e7a (CIJ), um tribunal das Na\u00e7\u00f5es Unidas, que come\u00e7ou a julgar a a\u00e7\u00e3o nesta quinta-feira (11), em Haia, na Holanda.<\/p>\n\n\n\n<p>Para a Conib, o apoio dado pelo governo Lula para a a\u00e7\u00e3o contra Israel \u201cdiverge da posi\u00e7\u00e3o de equil\u00edbrio e modera\u00e7\u00e3o da pol\u00edtica externa brasileira\u201d.<\/p>\n\n\n\n<p>\u2013 A a\u00e7\u00e3o sul-africana \u00e9 uma invers\u00e3o da realidade. O conflito atual come\u00e7ou depois das atrocidades dos terroristas do Hamas contra a popula\u00e7\u00e3o de Israel, que matou indiscriminada e barbaramente mais de 1.200 pessoas, no ataque mais mortal contra o povo judeu desde o Holocausto \u2013 diz a nota.<\/p>\n\n\n\n<p>E continua:<\/p>\n\n\n\n<p>\u2013 Israel est\u00e1 apenas se defendendo de um inimigo, ele sim, genocida, que manifesta abertamente seu desejo genocida de exterminar Israel e os judeus. Nesta terr\u00edvel guerra iniciada pelo Hamas, as for\u00e7as de Israel tomam precau\u00e7\u00f5es que nenhum outro ex\u00e9rcito tomou para preservar a popula\u00e7\u00e3o civil, alertando sobre ataques em \u00e1reas urbanas, orientando civis a sa\u00edrem da zona de conflito, permitindo ajuda humanit\u00e1ria.<\/p>\n\n\n\n<p><strong>Leia na \u00edntegra:<\/strong><\/p>\n\n\n\n<p><em>A CONIB condena a decis\u00e3o do governo brasileiro de apoiar a a\u00e7\u00e3o da \u00c1frica do Sul na Corte Internacional de Justi\u00e7a de Haia que acusa Israel de genoc\u00eddio. Essa decis\u00e3o do governo diverge da posi\u00e7\u00e3o de equil\u00edbrio e modera\u00e7\u00e3o da pol\u00edtica externa brasileira.<\/em><\/p>\n\n\n\n<p><em>A a\u00e7\u00e3o sul-africana \u00e9 uma invers\u00e3o da realidade. O conflito atual come\u00e7ou depois das atrocidades dos terroristas do Hamas contra a popula\u00e7\u00e3o de Israel, que matou indiscriminada e barbaramente mais de 1.200 pessoas, no ataque mais mortal contra o povo judeu desde o Holocausto. Israel est\u00e1 apenas se defendendo de um inimigo, ele sim, genocida, que manifesta abertamente seu desejo genocida de exterminar Israel e os judeus.<\/em><\/p>\n\n\n\n<p><em>Nesta terr\u00edvel guerra iniciada pelo Hamas, as for\u00e7as de Israel tomam precau\u00e7\u00f5es que nenhum outro ex\u00e9rcito tomou para preservar a popula\u00e7\u00e3o civil, alertando sobre ataques em \u00e1reas urbanas, orientando civis a sa\u00edrem da zona de conflito, permitindo ajuda humanit\u00e1ria.<\/em><\/p>\n\n\n\n<p><em>&nbsp;O Hamas se esconde covarde e deliberadamente atr\u00e1s dos civis de Gaza porque suas mortes s\u00e3o usadas como arma contra Israel na opini\u00e3o p\u00fablica mundial. \u00c9 frustrante ver o governo brasileiro apoiar uma a\u00e7\u00e3o c\u00ednica e perversa como essa, que visa impedir Israel de se defender de seus inimigos genocidas.<\/em><em><\/em><\/p>\n","protected":false},"excerpt":{"rendered":"<p>A Confedera\u00e7\u00e3o Israelita do Brasil (Conib) emitiu uma nota para condenar o apoio do governo brasileiro \u00e0 a\u00e7\u00e3o da \u00c1frica do Sul contra Israel, acusando o governo israelense de \u201cgenoc\u00eddio\u201d por causa da guerra com o Hamas. Com a assinatura do Brasil e outras 13 na\u00e7\u00f5es, a \u00c1frica do Sul levou o caso para a [&hellip;]<\/p>\n","protected":false},"author":2,"featured_media":18183,"comment_status":"open","ping_status":"open","sticky":false,"template":"","format":"standard","meta":[],"categories":[16],"tags":[],"_links":{"self":[{"href":"https:\/\/dgospel.com.br\/portal\/index.php\/wp-json\/wp\/v2\/posts\/18182"}],"collection":[{"href":"https:\/\/dgospel.com.br\/portal\/index.php\/wp-json\/wp\/v2\/posts"}],"about":[{"href":"https:\/\/dgospel.com.br\/portal\/index.php\/wp-json\/wp\/v2\/types\/post"}],"author":[{"embeddable":true,"href":"https:\/\/dgospel.com.br\/portal\/index.php\/wp-json\/wp\/v2\/users\/2"}],"replies":[{"embeddable":true,"href":"https:\/\/dgospel.com.br\/portal\/index.php\/wp-json\/wp\/v2\/comments?post=18182"}],"version-history":[{"count":1,"href":"https:\/\/dgospel.com.br\/portal\/index.php\/wp-json\/wp\/v2\/posts\/18182\/revisions"}],"predecessor-version":[{"id":18184,"href":"https:\/\/dgospel.com.br\/portal\/index.php\/wp-json\/wp\/v2\/posts\/18182\/revisions\/18184"}],"wp:featuredmedia":[{"embeddable":true,"href":"https:\/\/dgospel.com.br\/portal\/index.php\/wp-json\/wp\/v2\/media\/18183"}],"wp:attachment":[{"href":"https:\/\/dgospel.com.br\/portal\/index.php\/wp-json\/wp\/v2\/media?parent=18182"}],"wp:term":[{"taxonomy":"category","embeddable":true,"href":"https:\/\/dgospel.com.br\/portal\/index.php\/wp-json\/wp\/v2\/categories?post=18182"},{"taxonomy":"post_tag","embeddable":true,"href":"https:\/\/dgospel.com.br\/portal\/index.php\/wp-json\/wp\/v2\/tags?post=18182"}],"curies":[{"name":"wp","href":"https:\/\/api.w.org\/{rel}","templated":true}]}}