{"id":18188,"date":"2024-01-16T11:59:42","date_gmt":"2024-01-16T14:59:42","guid":{"rendered":"https:\/\/dgospel.com.br\/portal\/?p=18188"},"modified":"2024-01-16T11:59:43","modified_gmt":"2024-01-16T14:59:43","slug":"onu-acusa-cuba-de-repressao-religiosa-e-prisoes-arbitrarias","status":"publish","type":"post","link":"https:\/\/dgospel.com.br\/portal\/index.php\/2024\/01\/16\/onu-acusa-cuba-de-repressao-religiosa-e-prisoes-arbitrarias\/","title":{"rendered":"ONU acusa Cuba de \u201crepress\u00e3o religiosa\u201d e pris\u00f5es arbitr\u00e1rias"},"content":{"rendered":"\n<p>O governo de Cuba enfrenta acusa\u00e7\u00f5es da ONU relacionadas \u00e0 repress\u00e3o religiosa, conforme revelado em uma carta tornada p\u00fablica nesta segunda-feira (15). A comiss\u00e1ria especial para a liberdade de cren\u00e7a e religi\u00e3o da ONU, Nazila Ghanea, juntamente com outros especialistas, detalhou em novembro do ano passado os padr\u00f5es de ass\u00e9dio, pris\u00f5es arbitr\u00e1rias e maus-tratos contra l\u00edderes e membros religiosos na ilha comunista.<\/p>\n\n\n\n<p>O relat\u00f3rio da ONU foi uma resposta a um documento divulgado pela ONG Prisoners Defenders. Segundo a carta, cubanos interessados em criar organiza\u00e7\u00f5es religiosas precisam obter autoriza\u00e7\u00e3o do Escrit\u00f3rio de Aten\u00e7\u00e3o aos Assuntos Religiosos (OAAR).<\/p>\n\n\n\n<p>A aus\u00eancia de uma lei regulamentadora permite que as autoridades ajam de maneira subjetiva e arbitr\u00e1ria, colocando as organiza\u00e7\u00f5es religiosas sob a al\u00e7ada do Partido Comunista.<\/p>\n\n\n\n<p>A ONU destaca que a cria\u00e7\u00e3o de novas organiza\u00e7\u00f5es exige submiss\u00e3o \u00e0s j\u00e1 existentes, todas dependentes do governo. Grupos independentes enfrentam repress\u00e3o, incluindo ass\u00e9dio, deten\u00e7\u00f5es ilegais e amea\u00e7as de san\u00e7\u00f5es judiciais.<\/p>\n\n\n\n<p>A Associa\u00e7\u00e3o de Iorub\u00e1s Livres \u00e9 citada como exemplo, enfrentando deten\u00e7\u00f5es frequentes de seus l\u00edderes, incluindo a atual presidente Donaida P\u00e9rez Paseiro, presa at\u00e9 56 vezes em uma d\u00e9cada. O vice-presidente dessa associa\u00e7\u00e3o, Loreto Hern\u00e1ndez Garc\u00eda, foi condenado a sete anos de pris\u00e3o e sujeito a agress\u00f5es graves na pris\u00e3o, incluindo ser jogado de uma escada.<\/p>\n\n\n\n<p>A repress\u00e3o religiosa intensificou-se ap\u00f3s os protestos de 11 de julho de 2021, quando os cubanos se manifestaram contra a ditadura e, al\u00e9m das organiza\u00e7\u00f5es mencionadas, membros de outras religi\u00f5es enfrentam persegui\u00e7\u00e3o por n\u00e3o aceitarem ficar sob o guarda-chuva do Partido Comunista.<\/p>\n\n\n\n<p>A Associa\u00e7\u00e3o Cubana para a Divulga\u00e7\u00e3o do Isl\u00e3 e o Conselho de Igrejas e Pastores pela Paz est\u00e3o entre as afetadas. As acusa\u00e7\u00f5es contradizem a imagem de toler\u00e2ncia que o Partido Comunista de Cuba tenta projetar, especialmente diante das recep\u00e7\u00f5es favor\u00e1veis aos l\u00edderes Fidel e Ra\u00fal Castro por parte do Papa Francisco em anos anteriores.<\/p>\n","protected":false},"excerpt":{"rendered":"<p>O governo de Cuba enfrenta acusa\u00e7\u00f5es da ONU relacionadas \u00e0 repress\u00e3o religiosa, conforme revelado em uma carta tornada p\u00fablica nesta segunda-feira (15). A comiss\u00e1ria especial para a liberdade de cren\u00e7a e religi\u00e3o da ONU, Nazila Ghanea, juntamente com outros especialistas, detalhou em novembro do ano passado os padr\u00f5es de ass\u00e9dio, pris\u00f5es arbitr\u00e1rias e maus-tratos contra [&hellip;]<\/p>\n","protected":false},"author":2,"featured_media":18189,"comment_status":"open","ping_status":"open","sticky":false,"template":"","format":"standard","meta":[],"categories":[16],"tags":[],"_links":{"self":[{"href":"https:\/\/dgospel.com.br\/portal\/index.php\/wp-json\/wp\/v2\/posts\/18188"}],"collection":[{"href":"https:\/\/dgospel.com.br\/portal\/index.php\/wp-json\/wp\/v2\/posts"}],"about":[{"href":"https:\/\/dgospel.com.br\/portal\/index.php\/wp-json\/wp\/v2\/types\/post"}],"author":[{"embeddable":true,"href":"https:\/\/dgospel.com.br\/portal\/index.php\/wp-json\/wp\/v2\/users\/2"}],"replies":[{"embeddable":true,"href":"https:\/\/dgospel.com.br\/portal\/index.php\/wp-json\/wp\/v2\/comments?post=18188"}],"version-history":[{"count":1,"href":"https:\/\/dgospel.com.br\/portal\/index.php\/wp-json\/wp\/v2\/posts\/18188\/revisions"}],"predecessor-version":[{"id":18190,"href":"https:\/\/dgospel.com.br\/portal\/index.php\/wp-json\/wp\/v2\/posts\/18188\/revisions\/18190"}],"wp:featuredmedia":[{"embeddable":true,"href":"https:\/\/dgospel.com.br\/portal\/index.php\/wp-json\/wp\/v2\/media\/18189"}],"wp:attachment":[{"href":"https:\/\/dgospel.com.br\/portal\/index.php\/wp-json\/wp\/v2\/media?parent=18188"}],"wp:term":[{"taxonomy":"category","embeddable":true,"href":"https:\/\/dgospel.com.br\/portal\/index.php\/wp-json\/wp\/v2\/categories?post=18188"},{"taxonomy":"post_tag","embeddable":true,"href":"https:\/\/dgospel.com.br\/portal\/index.php\/wp-json\/wp\/v2\/tags?post=18188"}],"curies":[{"name":"wp","href":"https:\/\/api.w.org\/{rel}","templated":true}]}}