{"id":18191,"date":"2024-01-16T12:02:54","date_gmt":"2024-01-16T15:02:54","guid":{"rendered":"https:\/\/dgospel.com.br\/portal\/?p=18191"},"modified":"2024-01-16T12:02:55","modified_gmt":"2024-01-16T15:02:55","slug":"dirceu-direita-esta-ganhando-disputa-politico-cultural","status":"publish","type":"post","link":"https:\/\/dgospel.com.br\/portal\/index.php\/2024\/01\/16\/dirceu-direita-esta-ganhando-disputa-politico-cultural\/","title":{"rendered":"Dirceu: \u201cDireita est\u00e1 ganhando disputa pol\u00edtico-cultural\u201d"},"content":{"rendered":"\n<p>Ex-ministro da Casa Civil no primeiro governo de Luiz In\u00e1cio Lula da Silva (PT), Jos\u00e9 Dirceu afirmou neste domingo (14), que a direita \u201cest\u00e1 ganhando\u201d a disputa pol\u00edtica e cultural no Brasil e defendeu uma \u201catualiza\u00e7\u00e3o pol\u00edtica, te\u00f3rica e de organiza\u00e7\u00e3o\u201d para o PT. As declara\u00e7\u00f5es foram dadas em entrevista ao Pod13 Bahia, podcast do PT da Bahia.<\/p>\n\n\n\n<p>Durante a conversa, Dirceu afirmou ainda que n\u00e3o s\u00f3 o PL, do ex-presidente Jair Bolsonaro, mas legendas como o Progressistas, Republicanos, Uni\u00e3o Brasil e PSD \u201cest\u00e3o ficando fortes\u201d, construindo novos diret\u00f3rios pelo pa\u00eds.<\/p>\n\n\n\n<p>\u2013 O PT vai fazer um congresso em 2025. Precisamos pensar como vamos fazer uma mudan\u00e7a no PT. Se n\u00f3s analisarmos a situa\u00e7\u00e3o da direita, n\u00e3o \u00e9 s\u00f3 parlamentar e eleitoral, tamb\u00e9m diret\u00f3rio, territ\u00f3rios e milit\u00e2ncia, PP, PR, PL, PSD, Uni\u00e3o Brasil, eles est\u00e3o ficando fortes (\u2026). Hoje, o Brasil est\u00e1 muito politizado, e em disputa pol\u00edtico-cultural. E a direita est\u00e1 ganhando \u2013 apontou.<\/p>\n\n\n\n<p>Dirceu n\u00e3o faz parte do governo, mas ainda \u00e9 umas das lideran\u00e7as do partido. Na semana passada, ele acionou o Supremo Tribunal Federal (STF) para tentar anular condena\u00e7\u00f5es que somam 32 anos na Opera\u00e7\u00e3o Lava Jato. A defesa do ex-ministro pediu que o STF reconhe\u00e7a que ex-juiz Sergio Moro, atualmente senador, teria sido parcial ao conden\u00e1-lo.<\/p>\n\n\n\n<p>Na entrevista, Dirceu refor\u00e7ou autocr\u00edticas vocalizadas recentemente por Lula sobre a estrutura do partido. Segundo ele, a legenda poderia ser \u201cdez vezes maior\u201d dado ao apoio eleitoral e social da sigla.<\/p>\n\n\n\n<p>\u2013 Uma das tarefas principais \u00e9 a disputa pol\u00edtico-cultural e dos territ\u00f3rios. Nesses anos, houve uma mudan\u00e7a social e cultural enorme. Por causa do fundamentalismo religioso, por causa da ocupa\u00e7\u00e3o dos territ\u00f3rios por for\u00e7a dos partidos de direita. E n\u00f3s recuamos. Vimos agora no 1\u00ba de maio [de 2023]. N\u00e3o houve uma mobiliza\u00e7\u00e3o nacional \u2013 acrescentou;<\/p>\n\n\n\n<p>Na Confer\u00eancia Eleitoral do PT, realizada em dezembro de 2023, Lula fez cr\u00edticas \u00e0 atual capacidade pol\u00edtica da sigla.<\/p>\n\n\n\n<p>\u2013 Temos que nos perguntar por que um partido, muitas vezes no discurso, diz que tem toda a verdade e s\u00f3 conseguiu eleger 70 deputados. Por que t\u00e3o pouco, se a gente \u00e9 t\u00e3o bom? Ser\u00e1 que estamos tentando convencer o povo das nossas verdades ou temos que aprender com o povo para falar com eles? \u2013 perguntou.<\/p>\n\n\n\n<p><strong>MILIT\u00c2NCIA<br><\/strong>Lula sustentou, naquela mesma confer\u00eancia, que a milit\u00e2ncia deveria retornar ao trabalho de base.<\/p>\n\n\n\n<p>\u2013 O dinheiro ainda pesa. Mas o trabalho de base n\u00e3o tem dinheiro que compre. E precisamos voltar a fazer trabalho de base. Bota uma bota e vai visitar cada casa, conversar com as pessoas. V\u00e1 na igreja, converse com o pastor, com as mulheres e homens que est\u00e3o l\u00e1 \u2013 refor\u00e7ou.<\/p>\n\n\n\n<p><strong>CR\u00cdTICAS A GLEISI<\/strong><br>Indo em dire\u00e7\u00e3o contr\u00e1ria ao que disse a presidente do PT, Gleisi Hoffmann, Dirceu disse que foi \u201cquase uma covardia\u201d n\u00e3o ter havido total apoio \u00e0s propostas econ\u00f4micas do ministro da Fazenda, Fernando Haddad.<\/p>\n\n\n\n<p>\u2013 Outro papel do partido \u00e9 sustentar o governo, apoiar o governo. Quando o governo apresenta uma pol\u00edtica, nosso papel \u00e9 apoiar. No caso do Haddad, \u00e9 quase uma covardia n\u00e3o dar apoio total a ele para aprovar todas as medidas que ele queria. Porque todas as medidas que ele queria, transforma o d\u00e9ficit zero num mal menor.<\/p>\n\n\n\n<p>Gleisi e Haddad trocaram farpas ao longo do ano passado em raz\u00e3o da condu\u00e7\u00e3o da pol\u00edtica econ\u00f4mica nacional. A diverg\u00eancia continua em 2024. No epis\u00f3dio mais recente, j\u00e1 neste m\u00eas, Gleisi disse, ao jornal O Globo, que criticar as decis\u00f5es do ministro da Fazenda \u00e9 \u201cum dever\u201d e faz parte da tradi\u00e7\u00e3o do partido.<\/p>\n\n\n\n<p>*AE<\/p>\n","protected":false},"excerpt":{"rendered":"<p>Ex-ministro da Casa Civil no primeiro governo de Luiz In\u00e1cio Lula da Silva (PT), Jos\u00e9 Dirceu afirmou neste domingo (14), que a direita \u201cest\u00e1 ganhando\u201d a disputa pol\u00edtica e cultural no Brasil e defendeu uma \u201catualiza\u00e7\u00e3o pol\u00edtica, te\u00f3rica e de organiza\u00e7\u00e3o\u201d para o PT. As declara\u00e7\u00f5es foram dadas em entrevista ao Pod13 Bahia, podcast do [&hellip;]<\/p>\n","protected":false},"author":2,"featured_media":18192,"comment_status":"open","ping_status":"open","sticky":false,"template":"","format":"standard","meta":[],"categories":[4],"tags":[],"_links":{"self":[{"href":"https:\/\/dgospel.com.br\/portal\/index.php\/wp-json\/wp\/v2\/posts\/18191"}],"collection":[{"href":"https:\/\/dgospel.com.br\/portal\/index.php\/wp-json\/wp\/v2\/posts"}],"about":[{"href":"https:\/\/dgospel.com.br\/portal\/index.php\/wp-json\/wp\/v2\/types\/post"}],"author":[{"embeddable":true,"href":"https:\/\/dgospel.com.br\/portal\/index.php\/wp-json\/wp\/v2\/users\/2"}],"replies":[{"embeddable":true,"href":"https:\/\/dgospel.com.br\/portal\/index.php\/wp-json\/wp\/v2\/comments?post=18191"}],"version-history":[{"count":1,"href":"https:\/\/dgospel.com.br\/portal\/index.php\/wp-json\/wp\/v2\/posts\/18191\/revisions"}],"predecessor-version":[{"id":18193,"href":"https:\/\/dgospel.com.br\/portal\/index.php\/wp-json\/wp\/v2\/posts\/18191\/revisions\/18193"}],"wp:featuredmedia":[{"embeddable":true,"href":"https:\/\/dgospel.com.br\/portal\/index.php\/wp-json\/wp\/v2\/media\/18192"}],"wp:attachment":[{"href":"https:\/\/dgospel.com.br\/portal\/index.php\/wp-json\/wp\/v2\/media?parent=18191"}],"wp:term":[{"taxonomy":"category","embeddable":true,"href":"https:\/\/dgospel.com.br\/portal\/index.php\/wp-json\/wp\/v2\/categories?post=18191"},{"taxonomy":"post_tag","embeddable":true,"href":"https:\/\/dgospel.com.br\/portal\/index.php\/wp-json\/wp\/v2\/tags?post=18191"}],"curies":[{"name":"wp","href":"https:\/\/api.w.org\/{rel}","templated":true}]}}