{"id":18194,"date":"2024-01-16T12:07:05","date_gmt":"2024-01-16T15:07:05","guid":{"rendered":"https:\/\/dgospel.com.br\/portal\/?p=18194"},"modified":"2024-01-16T12:07:06","modified_gmt":"2024-01-16T15:07:06","slug":"apesar-da-forte-pressao-governo-lula-nao-dara-reajuste-aos-servidores-publicos","status":"publish","type":"post","link":"https:\/\/dgospel.com.br\/portal\/index.php\/2024\/01\/16\/apesar-da-forte-pressao-governo-lula-nao-dara-reajuste-aos-servidores-publicos\/","title":{"rendered":"Apesar da forte press\u00e3o, Governo Lula n\u00e3o dar\u00e1 reajuste aos servidores p\u00fablicos"},"content":{"rendered":"\n<p>Apesar da grande press\u00e3o exercida por servidores p\u00fablicos federais, o Governo Lula mant\u00e9m sua posi\u00e7\u00e3o de n\u00e3o conceder reajustes salariais em 2024. Representantes do F\u00f3rum Nacional Permanente das Carreiras T\u00edpicas de Estado (Fonacate) apresentaram ao governo, na semana passada, uma contraproposta de reajuste, demandando corre\u00e7\u00f5es salariais ainda neste ano. Entretanto, a equipe econ\u00f4mica do governo est\u00e1 determinada a resistir a esses pedidos.<\/p>\n\n\n\n<p>Em um of\u00edcio enviado ao Minist\u00e9rio da Gest\u00e3o e da Inova\u00e7\u00e3o em Servi\u00e7os P\u00fablicos (MGI) no dia 10 de janeiro, as entidades sugeriram um reajuste salarial em tr\u00eas parcelas: 9% na primeira e 7,5% nas duas subsequentes, a serem implementadas nos meses de maio de 2024, 2025 e 2026, respectivamente. Essa proposta foi uma resposta ao plano do governo federal apresentado no final de 2023, que prev\u00ea congelamento salarial neste ano e reajustes apenas em 2025 e 2026, al\u00e9m de aumentos em aux\u00edlios para 2024.<\/p>\n\n\n\n<p>Fontes do Minist\u00e9rio da Fazenda afirmam que o reajuste em 2024 \u00e9 improv\u00e1vel devido \u00e0s restri\u00e7\u00f5es or\u00e7ament\u00e1rias e ao esfor\u00e7o para atingir a meta de zerar o d\u00e9ficit fiscal. Segundo c\u00e1lculos do Minist\u00e9rio do Planejamento e Or\u00e7amento, seriam necess\u00e1rios R$ 168 bilh\u00f5es em receitas adicionais para cumprir essa meta. Um reajuste para servidores federais neste ano fiscal aumentaria as despesas, afetando os planos do governo em dire\u00e7\u00e3o ao equil\u00edbrio fiscal, um compromisso refor\u00e7ado pelo ministro Fernando Haddad.<\/p>\n\n\n\n<p>O governo prop\u00f4s para 2024 um aumento nos aux\u00edlios, efetivo a partir de 1\u00ba de maio. Os ajustes incluem elevar o aux\u00edlio-alimenta\u00e7\u00e3o para R$ 1.000,00, o aux\u00edlio-sa\u00fade para R$ 215,00 e o aux\u00edlio-creche para R$ 484,90, representando um reajuste de 51,06% nestes benef\u00edcios.<\/p>\n\n\n\n<p>Al\u00e9m disso, o governo planeja implementar um aumento salarial de 9% para 2025 e 2026, dividido em duas parcelas de 4,5% em maio de cada ano.<\/p>\n\n\n\n<p>O governo Lula tamb\u00e9m lembra que, no ano passado, concedeu um aumento salarial linear de 9% aos servidores do Executivo, uma medida que exigiu autoriza\u00e7\u00e3o do Congresso e recursos adicionais no Or\u00e7amento. Houve tamb\u00e9m um aumento de 43% no aux\u00edlio-alimenta\u00e7\u00e3o, de R$ 458 para R$ 658 mensais.<\/p>\n\n\n\n<p>As demandas dos servidores continuam a ser analisadas em reuni\u00f5es da Mesa Nacional de Negocia\u00e7\u00e3o Permanente, com a pr\u00f3xima reuni\u00e3o prevista para a segunda quinzena de fevereiro, ap\u00f3s o Carnaval. A Mesa \u00e9 coordenada pelo secret\u00e1rio de Rela\u00e7\u00f5es de Trabalho do MGI, Jos\u00e9 Lopez Feij\u00f3o.<\/p>\n","protected":false},"excerpt":{"rendered":"<p>Apesar da grande press\u00e3o exercida por servidores p\u00fablicos federais, o Governo Lula mant\u00e9m sua posi\u00e7\u00e3o de n\u00e3o conceder reajustes salariais em 2024. Representantes do F\u00f3rum Nacional Permanente das Carreiras T\u00edpicas de Estado (Fonacate) apresentaram ao governo, na semana passada, uma contraproposta de reajuste, demandando corre\u00e7\u00f5es salariais ainda neste ano. Entretanto, a equipe econ\u00f4mica do governo [&hellip;]<\/p>\n","protected":false},"author":2,"featured_media":18195,"comment_status":"open","ping_status":"open","sticky":false,"template":"","format":"standard","meta":[],"categories":[11,12,4],"tags":[13],"_links":{"self":[{"href":"https:\/\/dgospel.com.br\/portal\/index.php\/wp-json\/wp\/v2\/posts\/18194"}],"collection":[{"href":"https:\/\/dgospel.com.br\/portal\/index.php\/wp-json\/wp\/v2\/posts"}],"about":[{"href":"https:\/\/dgospel.com.br\/portal\/index.php\/wp-json\/wp\/v2\/types\/post"}],"author":[{"embeddable":true,"href":"https:\/\/dgospel.com.br\/portal\/index.php\/wp-json\/wp\/v2\/users\/2"}],"replies":[{"embeddable":true,"href":"https:\/\/dgospel.com.br\/portal\/index.php\/wp-json\/wp\/v2\/comments?post=18194"}],"version-history":[{"count":1,"href":"https:\/\/dgospel.com.br\/portal\/index.php\/wp-json\/wp\/v2\/posts\/18194\/revisions"}],"predecessor-version":[{"id":18196,"href":"https:\/\/dgospel.com.br\/portal\/index.php\/wp-json\/wp\/v2\/posts\/18194\/revisions\/18196"}],"wp:featuredmedia":[{"embeddable":true,"href":"https:\/\/dgospel.com.br\/portal\/index.php\/wp-json\/wp\/v2\/media\/18195"}],"wp:attachment":[{"href":"https:\/\/dgospel.com.br\/portal\/index.php\/wp-json\/wp\/v2\/media?parent=18194"}],"wp:term":[{"taxonomy":"category","embeddable":true,"href":"https:\/\/dgospel.com.br\/portal\/index.php\/wp-json\/wp\/v2\/categories?post=18194"},{"taxonomy":"post_tag","embeddable":true,"href":"https:\/\/dgospel.com.br\/portal\/index.php\/wp-json\/wp\/v2\/tags?post=18194"}],"curies":[{"name":"wp","href":"https:\/\/api.w.org\/{rel}","templated":true}]}}