{"id":18197,"date":"2024-01-16T12:08:30","date_gmt":"2024-01-16T15:08:30","guid":{"rendered":"https:\/\/dgospel.com.br\/portal\/?p=18197"},"modified":"2024-01-16T12:53:17","modified_gmt":"2024-01-16T15:53:17","slug":"moro-chama-acusacoes-de-fantasias-confusas-de-um-criminoso-condenado","status":"publish","type":"post","link":"https:\/\/dgospel.com.br\/portal\/index.php\/2024\/01\/16\/moro-chama-acusacoes-de-fantasias-confusas-de-um-criminoso-condenado\/","title":{"rendered":"Moro chama acusa\u00e7\u00f5es de \u201cfantasias confusas de um criminoso condenado\u201d"},"content":{"rendered":"\n<p>O senador Sergio Moro (Uni\u00e3o-PR), atrav\u00e9s das redes sociais nesta segunda-feira (15), comentou sobre a&nbsp; autoriza\u00e7\u00e3o do STF para abrir um inqu\u00e9rito que investiga poss\u00edveis irregularidades em uma dela\u00e7\u00e3o premiada realizada pela Justi\u00e7a Federal do Paran\u00e1 nos anos 2000. Durante esse per\u00edodo, Moro atuava como juiz. O inqu\u00e9rito foi autorizado pelo ministro Dias Toffoli do Supremo Tribunal Federal (STF), ap\u00f3s solicita\u00e7\u00e3o da Procuradoria-Geral da Rep\u00fablica (PGR).<\/p>\n\n\n\n<p>Moro, agora investigado, afirmou que ainda n\u00e3o teve acesso ao processo e manifestou sua preocupa\u00e7\u00e3o com o in\u00edcio das investiga\u00e7\u00f5es. \u201cN\u00e3o temo qualquer investiga\u00e7\u00e3o, pois sempre agi com corre\u00e7\u00e3o e com base na lei para combater o crime\u201d, declarou Moro em suas redes sociais.<\/p>\n\n\n\n<p>O senador e ex-juiz rebate as acusa\u00e7\u00f5es, alegando que o inqu\u00e9rito se baseia em \u201cfantasias confusas de um criminoso condenado e sem elementos que as suportem\u201d. Este criminoso \u00e9 o empres\u00e1rio paranaense Tony Garcia, que na \u00e9poca fez um acordo de dela\u00e7\u00e3o premiada com Moro e agora acusa o ex-juiz de t\u00ea-lo instru\u00eddo a gravar autoridades com foro privilegiado. Garcia, que foi condenado e preso em 2006 por fraude no Cons\u00f3rcio Nacional Garibaldi, afirma ter sido manipulado por Moro e pelos procuradores do Minist\u00e9rio P\u00fablico Federal em Curitiba para espionar e registrar conversas de outros investigados.<\/p>\n\n\n\n<p>Em julho do ano passado, Garcia divulgou em suas redes sociais um \u00e1udio que supostamente mostra uma conversa sua com Moro, discutindo a senten\u00e7a que seria aplicada a ele. As den\u00fancias e depoimentos de Garcia \u00e0 Pol\u00edcia Federal fundamentaram o pedido da PGR para a abertura do inqu\u00e9rito. Com a autoriza\u00e7\u00e3o do STF, Moro e os outros envolvidos ter\u00e3o agora a chance de apresentar suas defesas.<\/p>\n","protected":false},"excerpt":{"rendered":"<p>O senador Sergio Moro (Uni\u00e3o-PR), atrav\u00e9s das redes sociais nesta segunda-feira (15), comentou sobre a&nbsp; autoriza\u00e7\u00e3o do STF para abrir um inqu\u00e9rito que investiga poss\u00edveis irregularidades em uma dela\u00e7\u00e3o premiada realizada pela Justi\u00e7a Federal do Paran\u00e1 nos anos 2000. Durante esse per\u00edodo, Moro atuava como juiz. O inqu\u00e9rito foi autorizado pelo ministro Dias Toffoli do [&hellip;]<\/p>\n","protected":false},"author":2,"featured_media":18198,"comment_status":"open","ping_status":"open","sticky":false,"template":"","format":"standard","meta":[],"categories":[11,12,10],"tags":[],"_links":{"self":[{"href":"https:\/\/dgospel.com.br\/portal\/index.php\/wp-json\/wp\/v2\/posts\/18197"}],"collection":[{"href":"https:\/\/dgospel.com.br\/portal\/index.php\/wp-json\/wp\/v2\/posts"}],"about":[{"href":"https:\/\/dgospel.com.br\/portal\/index.php\/wp-json\/wp\/v2\/types\/post"}],"author":[{"embeddable":true,"href":"https:\/\/dgospel.com.br\/portal\/index.php\/wp-json\/wp\/v2\/users\/2"}],"replies":[{"embeddable":true,"href":"https:\/\/dgospel.com.br\/portal\/index.php\/wp-json\/wp\/v2\/comments?post=18197"}],"version-history":[{"count":1,"href":"https:\/\/dgospel.com.br\/portal\/index.php\/wp-json\/wp\/v2\/posts\/18197\/revisions"}],"predecessor-version":[{"id":18199,"href":"https:\/\/dgospel.com.br\/portal\/index.php\/wp-json\/wp\/v2\/posts\/18197\/revisions\/18199"}],"wp:featuredmedia":[{"embeddable":true,"href":"https:\/\/dgospel.com.br\/portal\/index.php\/wp-json\/wp\/v2\/media\/18198"}],"wp:attachment":[{"href":"https:\/\/dgospel.com.br\/portal\/index.php\/wp-json\/wp\/v2\/media?parent=18197"}],"wp:term":[{"taxonomy":"category","embeddable":true,"href":"https:\/\/dgospel.com.br\/portal\/index.php\/wp-json\/wp\/v2\/categories?post=18197"},{"taxonomy":"post_tag","embeddable":true,"href":"https:\/\/dgospel.com.br\/portal\/index.php\/wp-json\/wp\/v2\/tags?post=18197"}],"curies":[{"name":"wp","href":"https:\/\/api.w.org\/{rel}","templated":true}]}}