{"id":1820,"date":"2018-11-12T11:17:44","date_gmt":"2018-11-12T13:17:44","guid":{"rendered":"http:\/\/dgospel.com.br\/portal\/?p=1820"},"modified":"2018-11-12T11:17:44","modified_gmt":"2018-11-12T13:17:44","slug":"em-barcelona-cinthia-ribeiro-articula-intercambios-no-maior-congresso-sobre-cidades-inteligentes-do-mundo","status":"publish","type":"post","link":"https:\/\/dgospel.com.br\/portal\/index.php\/2018\/11\/12\/em-barcelona-cinthia-ribeiro-articula-intercambios-no-maior-congresso-sobre-cidades-inteligentes-do-mundo\/","title":{"rendered":"Em Barcelona, Cinthia Ribeiro articula interc\u00e2mbios no maior congresso sobre cidades inteligentes do mundo"},"content":{"rendered":"<p class=\"yiv4274795224MsoNormal\">A prefeita Cinthia Ribeiro participa nesta semana, em Barcelona, Espanha, do Congresso Mundial de Smart City, em agenda organizada pela Frente Nacional de Prefeitos (FNP), da qual \u00e9 segunda vice-presidente. \u00danica mulher brasileira, prefeita, Cinthia e demais participantes cumprem nesta segunda-feira, 12, uma agenda exclusiva com o governo da Catalunha.<\/p>\n<p class=\"yiv4274795224MsoNormal\">Esta agenda organizada pela FNP \u00e9 fruto de uma parceria com a comunidade aut\u00f4noma da Catalunha. Durante todo o dia os prefeitos far\u00e3o visitas t\u00e9cnicas guiadas, que inclui o Parque Tecnol\u00f3gico de Inova\u00e7\u00e3o, meios de transportes e, ao final do dia, os prefeitos ser\u00e3o recebidos por cerca de 200 pessoas dentre t\u00e9cnicos e gestores p\u00fablicos para a troca de experi\u00eancias e informa\u00e7\u00f5es.<\/p>\n<p class=\"yiv4274795224MsoNormal\">Ao todo, 11 gestores municipais integram a comitiva brasileira. \u201cEsta \u00e9 uma grande oportunidade para mostrarmos o que estamos desenvolvendo em nossos munic\u00edpios na constru\u00e7\u00e3o do conceito de cidade inteligente. Tamb\u00e9m \u00e9 um momento exclusivo para refor\u00e7armos a parceria com a Prov\u00edncia da Catalunha e a Prefeitura de Barcelona para aplicarmos essas tecnologias e inova\u00e7\u00f5es em nossas respectivas cidades, conforme o interesse de cada um\u201d, disse Cinthia.<\/p>\n<p class=\"yiv4274795224MsoNormal\">A convite da C\u00e2mara de Com\u00e9rcio Brasil-Catalunha, Cinthia e demais prefeitos participantes debater\u00e3o a import\u00e2ncia do desenvolvimento das economias locais em um pa\u00eds das dimens\u00f5es do Brasil.<\/p>\n<p class=\"yiv4274795224MsoNormal\">Palmas ser\u00e1 citada a cidade mais inteligente e conectada da Regi\u00e3o Norte do pa\u00eds e a 15\u00aa dentre as 700 cidades, segundo o ranking Connected Smart Cities 2018. Programas e projetos municipais, em andamento na Capital tocantinense, como o Programa Palmas para o Futuro e Palmas Solar, tamb\u00e9m receber\u00e3o destaque, inclusive para sua contextualiza\u00e7\u00e3o como potencial objeto de investidores presentes no evento.<\/p>\n<p class=\"yiv4274795224MsoNormal\"><b>Congresso<\/b><\/p>\n<p class=\"yiv4274795224MsoNormal\">O Smart City Expo World Congress (SCEWC) \u00e9 o maior evento sobre cidades inteligentes do Mundo. \u00c9 um f\u00f3rum de alto n\u00edvel que prev\u00ea trocas de boas pr\u00e1ticas em pol\u00edticas p\u00fablicas e cria\u00e7\u00e3o de sinergias entre as principais partes interessadas no movimento de cidades inteligentes. Este ano, na sua oitava edi\u00e7\u00e3o, a SCEWC se concentra nos t\u00f3picos: Transforma\u00e7\u00e3o Digital, Ambiente Urbano, Mobilidade, Cidades Inclusivas e Compartilhadas e Governan\u00e7a e Finan\u00e7as.\u00a0 (Com informa\u00e7\u00f5es da FNP)<\/p>\n","protected":false},"excerpt":{"rendered":"<p>A prefeita Cinthia Ribeiro participa nesta semana, em Barcelona, Espanha, do Congresso Mundial de Smart City, em agenda organizada pela Frente Nacional de Prefeitos (FNP), da qual \u00e9 segunda vice-presidente. \u00danica mulher brasileira, prefeita, Cinthia e demais participantes cumprem nesta segunda-feira, 12, uma agenda exclusiva com o governo da Catalunha. Esta agenda organizada pela FNP [&hellip;]<\/p>\n","protected":false},"author":2,"featured_media":1821,"comment_status":"open","ping_status":"open","sticky":false,"template":"","format":"standard","meta":[],"categories":[2,3],"tags":[],"_links":{"self":[{"href":"https:\/\/dgospel.com.br\/portal\/index.php\/wp-json\/wp\/v2\/posts\/1820"}],"collection":[{"href":"https:\/\/dgospel.com.br\/portal\/index.php\/wp-json\/wp\/v2\/posts"}],"about":[{"href":"https:\/\/dgospel.com.br\/portal\/index.php\/wp-json\/wp\/v2\/types\/post"}],"author":[{"embeddable":true,"href":"https:\/\/dgospel.com.br\/portal\/index.php\/wp-json\/wp\/v2\/users\/2"}],"replies":[{"embeddable":true,"href":"https:\/\/dgospel.com.br\/portal\/index.php\/wp-json\/wp\/v2\/comments?post=1820"}],"version-history":[{"count":1,"href":"https:\/\/dgospel.com.br\/portal\/index.php\/wp-json\/wp\/v2\/posts\/1820\/revisions"}],"predecessor-version":[{"id":1822,"href":"https:\/\/dgospel.com.br\/portal\/index.php\/wp-json\/wp\/v2\/posts\/1820\/revisions\/1822"}],"wp:featuredmedia":[{"embeddable":true,"href":"https:\/\/dgospel.com.br\/portal\/index.php\/wp-json\/wp\/v2\/media\/1821"}],"wp:attachment":[{"href":"https:\/\/dgospel.com.br\/portal\/index.php\/wp-json\/wp\/v2\/media?parent=1820"}],"wp:term":[{"taxonomy":"category","embeddable":true,"href":"https:\/\/dgospel.com.br\/portal\/index.php\/wp-json\/wp\/v2\/categories?post=1820"},{"taxonomy":"post_tag","embeddable":true,"href":"https:\/\/dgospel.com.br\/portal\/index.php\/wp-json\/wp\/v2\/tags?post=1820"}],"curies":[{"name":"wp","href":"https:\/\/api.w.org\/{rel}","templated":true}]}}