{"id":18206,"date":"2024-01-16T12:14:50","date_gmt":"2024-01-16T15:14:50","guid":{"rendered":"https:\/\/dgospel.com.br\/portal\/?p=18206"},"modified":"2024-01-16T12:14:52","modified_gmt":"2024-01-16T15:14:52","slug":"superaremos-as-trevas-diz-presidente-de-israel-apos-100-dias-de-guerra","status":"publish","type":"post","link":"https:\/\/dgospel.com.br\/portal\/index.php\/2024\/01\/16\/superaremos-as-trevas-diz-presidente-de-israel-apos-100-dias-de-guerra\/","title":{"rendered":"&#8220;Superaremos as trevas&#8221;, diz presidente de Israel ap\u00f3s 100 dias de guerra"},"content":{"rendered":"\n<p>\u201cN\u00e3o tenho d\u00favidas de que superaremos as trevas juntos, como sempre fizemos, e sairemos deste conflito mais fortes do que nunca.\u201d A fala do presidente de Israel, Isaac Herzog, pontuou um marco importante na&nbsp;<strong><a href=\"https:\/\/guiame.com.br\/gospel\/missoes-acao-social\/guerra-entre-israel-e-hamas-impulsiona-perseguicao-cristaos-em-bangladesh.html\">guerra de Israel contra o Hamas<\/a><\/strong>: os 100 dias.<\/p>\n\n\n\n<p>Os combates iniciaram logo ap\u00f3s a invas\u00e3o e o massacre perpetrado pelo grupo terrorista palestino em solo israelense, na manh\u00e3 de 7 de outubro.<\/p>\n\n\n\n<p>A investida do Hamas deixou 1.200 mortos e cerca de 5.400 feridos em Israel, al\u00e9m de 240 pessoas levadas&nbsp;<strong><a href=\"https:\/\/guiame.com.br\/gospel\/israel\/mae-com-sua-filha-refem-do-hamas-conta-sobre-o-cativeiro-ouvia-ranger-de-dentes.html\">ref\u00e9ns para a faixa de Gaza<\/a><\/strong>, cidad\u00e3os israelenses e de diversas nacionalidades, inclusive brasileiros.<\/p>\n\n\n\n<p><strong>100 dias<\/strong><\/p>\n\n\n\n<p>Ao se pronunciar sobre o tempo decorrido do conflito, Herzog descreveu de forma dram\u00e1tica o per\u00edodo enfrentado pelo pa\u00eds:<\/p>\n\n\n\n<p>\u201cCem dias se passaram desde que a vida foi interrompida, os c\u00e9us escureceram e n\u00f3s, todos n\u00f3s, fomos expostos a um caldeir\u00e3o fervente e horr\u00edvel de terror e \u00f3dio profundo desencadeado sobre n\u00f3s.&nbsp;<strong><a href=\"https:\/\/guiame.com.br\/gospel\/israel\/jogador-de-futebol-israelense-e-preso-na-turquia-apos-homenagear-refens.html\">Cem dias<\/a><\/strong>&nbsp;de uma guerra imposta a n\u00f3s, um teste para toda a na\u00e7\u00e3o. Um teste ao nosso cora\u00e7\u00e3o coletivo, coragem, determina\u00e7\u00e3o, retid\u00e3o, for\u00e7a, apoio m\u00fatuo, unidade e aos valores e princ\u00edpios que nos definem como na\u00e7\u00e3o\u201d.<\/p>\n\n\n\n<p>O presidente israelense disse que \u201cnestes tempos dif\u00edceis, n\u00e3o podemos deixar de refletir sobre os sacrif\u00edcios das nossas filhas e dos nossos filhos, que morreram tanto como civis como como soldados\u201d.<\/p>\n\n\n\n<p>Herzog enalteceu o desempenho dos militares que est\u00e3o na linha de combate:<\/p>\n\n\n\n<p>\u201cA sua bravura, o seu compromisso, o seu amor pela vida e a sua dedica\u00e7\u00e3o aos ideais que nos s\u00e3o caros s\u00e3o um testemunho da for\u00e7a que existe em todos os nossos cora\u00e7\u00f5es.\u201d<\/p>\n\n\n\n<p><strong>\u2018Prova\u00e7\u00e3o \u00e1rdua e dolorosa\u2019<\/strong><\/p>\n\n\n\n<p>Ele tamb\u00e9m destacou a condi\u00e7\u00e3o das pessoas sequestradas pelos&nbsp;<strong><a href=\"https:\/\/guiame.com.br\/gospel\/israel\/o-hamas-quer-destruir-israel-diz-aline-durante-live-com-rodrigo-silva.html\">terroristas do Hamas<\/a><\/strong>,&nbsp;dizendo que \u201cn\u00e3o devemos e n\u00e3o podemos esquecer, nem por um momento, os ref\u00e9ns e os desaparecidos.\u201d<\/p>\n\n\n\n<p>E continuou: \u201c\u00c9 dif\u00edcil imaginar uma prova\u00e7\u00e3o mais \u00e1rdua e dolorosa do que a das fam\u00edlias cujos entes queridos est\u00e3o nas m\u00e3os dos assassinos do Hamas. Todos n\u00f3s fazemos uma ora\u00e7\u00e3o, ecoando as&nbsp;<strong><a href=\"https:\/\/guiame.com.br\/gospel\/israel\/guerra-entre-israel-e-hamas-esta-ligada-profecias-do-fim-escritor-responde.html\">palavras do profeta<\/a><\/strong>: \u2018E vossos filhos e filhas retornar\u00e3o \u00e0s suas fronteiras\u2019\u201d.<\/p>\n\n\n\n<p>Em sua manifesta\u00e7\u00e3o pelo cent\u00e9simo dia de guerra, Herzog lamentou \u201ca perda dos her\u00f3is ca\u00eddos, sua coragem, santidade de vontade e autossacrif\u00edcio que permearam a ferocidade da batalha\u201d.<\/p>\n\n\n\n<p>\u201cChoramos pelas muitas vidas, demasiadas, exterminadas brutalmente \u2013 v\u00edtimas de viol\u00eancia monstruosa e antissemita. No entanto, lembramos que mesmo nas horas mais sombrias, testemunhamos a for\u00e7a, a coragem, a resili\u00eancia e a compaix\u00e3o que nos definem como povo. Cometemos um erro grave e doloroso ao n\u00e3o estarmos preparados. Mas o maior erro \u00e9 o do inimigo\u201d, disse.<\/p>\n\n\n\n<p><strong>Massacre de idosos e crian\u00e7as<\/strong><\/p>\n\n\n\n<p>O presidente de Israel tamb\u00e9m mencionou a viol\u00eancia e massacre perpetrado pelos terroristas contra civis vulner\u00e1veis, como idosos e crian\u00e7as.<\/p>\n\n\n\n<p>\u201cO inimigo, cujos \u2018grandes her\u00f3i\u2019 assassinaram, massacraram, violaram e massacraram indiscriminadamente crian\u00e7as, idosos, meninas, meninos, queimaram casas com pessoas dentro e cometeram os piores crimes contra a humanidade. Um inimigo para quem o manual de Hitler, \u2018Mein Kampf\u2019 [em portugu\u00eas, como &#8220;Minha Luta&#8221;], tem um lugar de destaque nas suas casas, cujos acampamentos de ver\u00e3o para crian\u00e7as eram centros de lavagem cerebral assassina e de \u00f3dio cego\u201d.<\/p>\n\n\n\n<p>E continuou: \u201cUm inimigo que pensa que nos conhece e menospreza a bravura dos nossos filhos e filhas at\u00e9 ver com os seus pr\u00f3prios olhos como \u2018um povo se levanta como uma leoa e se ergue como um le\u00e3o\u2019\u201d.<\/p>\n\n\n\n<p><strong>Gera\u00e7\u00e3o de for\u00e7a<\/strong><\/p>\n\n\n\n<p>Herzog fala sobre o desempenho inspirador dos jovens israelenses, chamados por ele em sua manifesta\u00e7\u00e3o de \u201cgera\u00e7\u00e3o TikTok\u201d, diante da f\u00faria de seus \u201cinimigos\u201d.<\/p>\n\n\n\n<p>\u201cAs for\u00e7as de coragem em nosso meio irromperam de maneira inspiradora. Vimos como a \u2018gera\u00e7\u00e3o TikTok\u2019 emergiu como uma gera\u00e7\u00e3o de for\u00e7a hist\u00f3rica, cuja bravura ficar\u00e1 gravada nos anais da hist\u00f3ria israelita\u201d.<\/p>\n\n\n\n<p>\u201cEncontrei-me com os combatentes e comandantes, os l\u00edderes da frente \u2013 feitos de a\u00e7o, ansiosos por enfrentar o inimigo, com o juramento de \u2018Nunca mais\u2019. Todos n\u00f3s testemunhamos a for\u00e7a das comunidades e das fam\u00edlias deslocadas, a bravura dos nossos feridos nos hospitais, a f\u00e9 inabal\u00e1vel e o orgulho das fam\u00edlias enlutadas, o voluntariado e a responsabilidade m\u00fatua na sociedade israelita \u2013 tanto judeus como \u00e1rabes \u2013 a determina\u00e7\u00e3o dos nossos aliados que est\u00e3o ao lado do nosso lado, liderado pelos Estados Unidos, e as comunidades judaicas em todo o mundo que est\u00e3o conosco como um s\u00f3, por vezes com risco pessoal. Ningu\u00e9m pode derrotar um povo assim, uma na\u00e7\u00e3o t\u00e3o unida e determinada\u201d.<\/p>\n\n\n\n<p>O presidente finalizou dizendo que \u201capesar dos desafios que temos pela frente, n\u00e3o tenho d\u00favidas de que emergiremos das sombras deste conflito mais fortes e mais determinados do que nunca. Juntos, como uma na\u00e7\u00e3o, superaremos as trevas, ressuscitaremos das cinzas, reconstruiremos, replantaremos, semearemos, afixaremos mezuz\u00e1 nas casas, transformaremos todo e qualquer inferno em um para\u00edso, como sempre fizemos.\u201d<\/p>\n","protected":false},"excerpt":{"rendered":"<p>\u201cN\u00e3o tenho d\u00favidas de que superaremos as trevas juntos, como sempre fizemos, e sairemos deste conflito mais fortes do que nunca.\u201d A fala do presidente de Israel, Isaac Herzog, pontuou um marco importante na&nbsp;guerra de Israel contra o Hamas: os 100 dias. Os combates iniciaram logo ap\u00f3s a invas\u00e3o e o massacre perpetrado pelo grupo [&hellip;]<\/p>\n","protected":false},"author":2,"featured_media":18207,"comment_status":"open","ping_status":"open","sticky":false,"template":"","format":"standard","meta":[],"categories":[11,12,16],"tags":[],"_links":{"self":[{"href":"https:\/\/dgospel.com.br\/portal\/index.php\/wp-json\/wp\/v2\/posts\/18206"}],"collection":[{"href":"https:\/\/dgospel.com.br\/portal\/index.php\/wp-json\/wp\/v2\/posts"}],"about":[{"href":"https:\/\/dgospel.com.br\/portal\/index.php\/wp-json\/wp\/v2\/types\/post"}],"author":[{"embeddable":true,"href":"https:\/\/dgospel.com.br\/portal\/index.php\/wp-json\/wp\/v2\/users\/2"}],"replies":[{"embeddable":true,"href":"https:\/\/dgospel.com.br\/portal\/index.php\/wp-json\/wp\/v2\/comments?post=18206"}],"version-history":[{"count":1,"href":"https:\/\/dgospel.com.br\/portal\/index.php\/wp-json\/wp\/v2\/posts\/18206\/revisions"}],"predecessor-version":[{"id":18208,"href":"https:\/\/dgospel.com.br\/portal\/index.php\/wp-json\/wp\/v2\/posts\/18206\/revisions\/18208"}],"wp:featuredmedia":[{"embeddable":true,"href":"https:\/\/dgospel.com.br\/portal\/index.php\/wp-json\/wp\/v2\/media\/18207"}],"wp:attachment":[{"href":"https:\/\/dgospel.com.br\/portal\/index.php\/wp-json\/wp\/v2\/media?parent=18206"}],"wp:term":[{"taxonomy":"category","embeddable":true,"href":"https:\/\/dgospel.com.br\/portal\/index.php\/wp-json\/wp\/v2\/categories?post=18206"},{"taxonomy":"post_tag","embeddable":true,"href":"https:\/\/dgospel.com.br\/portal\/index.php\/wp-json\/wp\/v2\/tags?post=18206"}],"curies":[{"name":"wp","href":"https:\/\/api.w.org\/{rel}","templated":true}]}}