{"id":18212,"date":"2024-01-17T10:42:16","date_gmt":"2024-01-17T13:42:16","guid":{"rendered":"https:\/\/dgospel.com.br\/portal\/?p=18212"},"modified":"2024-01-17T10:42:18","modified_gmt":"2024-01-17T13:42:18","slug":"frente-evangelica-repudia-acoes-do-mpsp-contra-frase-crista","status":"publish","type":"post","link":"https:\/\/dgospel.com.br\/portal\/index.php\/2024\/01\/17\/frente-evangelica-repudia-acoes-do-mpsp-contra-frase-crista\/","title":{"rendered":"Frente evang\u00e9lica repudia a\u00e7\u00f5es do MPSP contra frase crist\u00e3"},"content":{"rendered":"\n<p>A Frente Parlamentar Evang\u00e9lica (FPE) emitiu uma nota de rep\u00fadio contra as a\u00e7\u00f5es do Minist\u00e9rio P\u00fablico de S\u00e3o Paulo (MPSP) que visam retirar cita\u00e7\u00f5es religiosas de sess\u00f5es das C\u00e2maras Municipais. Ao menos&nbsp;<a href=\"https:\/\/pleno.news\/brasil\/cidades\/mpsp-quer-impedir-termo-sob-a-protecao-de-deus-nas-camaras.html\" target=\"_blank\" rel=\"noreferrer noopener\">sete cidades<\/a>&nbsp;j\u00e1 foram alvo de manifesta\u00e7\u00f5es de inconstitucionalidade da express\u00e3o \u201csob a prote\u00e7\u00e3o de Deus\u201d que \u00e9 dita no in\u00edcio de cada reuni\u00e3o.<\/p>\n\n\n\n<p>O documento emitido pela frente cita que o modelo de laicidade adotado no Brasil \u00e9 colaborativo, que d\u00e1 ampla garantia de prote\u00e7\u00e3o \u00e0 pr\u00e1tica religiosa.<\/p>\n\n\n\n<p>\u2013 Sua exterioriza\u00e7\u00e3o deve ser assegurada tamb\u00e9m na esfera p\u00fablica, protegendo a religi\u00e3o nas suas variadas express\u00f5es, e, inclusive, ressalvando, ao estabelecer a laicidade, a colabora\u00e7\u00e3o entre Poder P\u00fablico e organiza\u00e7\u00f5es religiosas para fins de interesse p\u00fablico \u2013 diz.<\/p>\n\n\n\n<p>Esse mesmo conceito \u00e9 defendido pelo Instituto Brasileiro de Direito Religioso (IBDR) em uma manifesta\u00e7\u00e3o sobre a proibi\u00e7\u00e3o da frase \u201csob a prote\u00e7\u00e3o de Deus\u201d na C\u00e2mara Municipal de Itapecerica da Serra, interior de S\u00e3o Paulo. Al\u00e9m disso, a FPE cita que a pr\u00f3pria Constitui\u00e7\u00e3o brasileira foi promulgada \u201csob a prote\u00e7\u00e3o de Deus\u201d.<\/p>\n\n\n\n<p>\u2013 A invoca\u00e7\u00e3o da prote\u00e7\u00e3o de Deus na Constitui\u00e7\u00e3o ou em liturgias p\u00fablicas nas casas legislativas municipais nada mais \u00e9 que o reconhecimento dessa realidade e heran\u00e7a hist\u00f3rica \u2013 que nos define como povo, em que nada fere a liberdade religiosa e de cren\u00e7a dos cidad\u00e3os de outras religi\u00f5es, conforme protegida pelo texto constitucional \u2013 diz a nota.<\/p>\n\n\n\n<p>E continua:<\/p>\n\n\n\n<p>\u2013 Destarte, a Frente Parlamentar Evang\u00e9lica da C\u00e2mara dos Deputados manifesta sua discord\u00e2ncia com as a\u00e7\u00f5es movidas pelo Minist\u00e9rio P\u00fablico de S\u00e3o Paulo em face da liberdade de express\u00e3o da religiosidade nas C\u00e2maras de Vereadores do estado paulista.<\/p>\n\n\n\n<p><strong>Leia na \u00edntegra:<\/strong><\/p>\n\n\n\n<figure class=\"wp-block-image size-full\"><img loading=\"lazy\" width=\"479\" height=\"605\" src=\"https:\/\/dgospel.com.br\/portal\/wp-content\/uploads\/2024\/01\/00002.jpg\" alt=\"\" class=\"wp-image-18213\" srcset=\"https:\/\/dgospel.com.br\/portal\/wp-content\/uploads\/2024\/01\/00002.jpg 479w, https:\/\/dgospel.com.br\/portal\/wp-content\/uploads\/2024\/01\/00002-238x300.jpg 238w\" sizes=\"(max-width: 479px) 100vw, 479px\" \/><\/figure>\n\n\n\n<p><\/p>\n","protected":false},"excerpt":{"rendered":"<p>A Frente Parlamentar Evang\u00e9lica (FPE) emitiu uma nota de rep\u00fadio contra as a\u00e7\u00f5es do Minist\u00e9rio P\u00fablico de S\u00e3o Paulo (MPSP) que visam retirar cita\u00e7\u00f5es religiosas de sess\u00f5es das C\u00e2maras Municipais. Ao menos&nbsp;sete cidades&nbsp;j\u00e1 foram alvo de manifesta\u00e7\u00f5es de inconstitucionalidade da express\u00e3o \u201csob a prote\u00e7\u00e3o de Deus\u201d que \u00e9 dita no in\u00edcio de cada reuni\u00e3o. O [&hellip;]<\/p>\n","protected":false},"author":2,"featured_media":18214,"comment_status":"open","ping_status":"open","sticky":false,"template":"","format":"standard","meta":[],"categories":[8,11,12],"tags":[],"_links":{"self":[{"href":"https:\/\/dgospel.com.br\/portal\/index.php\/wp-json\/wp\/v2\/posts\/18212"}],"collection":[{"href":"https:\/\/dgospel.com.br\/portal\/index.php\/wp-json\/wp\/v2\/posts"}],"about":[{"href":"https:\/\/dgospel.com.br\/portal\/index.php\/wp-json\/wp\/v2\/types\/post"}],"author":[{"embeddable":true,"href":"https:\/\/dgospel.com.br\/portal\/index.php\/wp-json\/wp\/v2\/users\/2"}],"replies":[{"embeddable":true,"href":"https:\/\/dgospel.com.br\/portal\/index.php\/wp-json\/wp\/v2\/comments?post=18212"}],"version-history":[{"count":1,"href":"https:\/\/dgospel.com.br\/portal\/index.php\/wp-json\/wp\/v2\/posts\/18212\/revisions"}],"predecessor-version":[{"id":18215,"href":"https:\/\/dgospel.com.br\/portal\/index.php\/wp-json\/wp\/v2\/posts\/18212\/revisions\/18215"}],"wp:featuredmedia":[{"embeddable":true,"href":"https:\/\/dgospel.com.br\/portal\/index.php\/wp-json\/wp\/v2\/media\/18214"}],"wp:attachment":[{"href":"https:\/\/dgospel.com.br\/portal\/index.php\/wp-json\/wp\/v2\/media?parent=18212"}],"wp:term":[{"taxonomy":"category","embeddable":true,"href":"https:\/\/dgospel.com.br\/portal\/index.php\/wp-json\/wp\/v2\/categories?post=18212"},{"taxonomy":"post_tag","embeddable":true,"href":"https:\/\/dgospel.com.br\/portal\/index.php\/wp-json\/wp\/v2\/tags?post=18212"}],"curies":[{"name":"wp","href":"https:\/\/api.w.org\/{rel}","templated":true}]}}