{"id":18216,"date":"2024-01-17T11:14:57","date_gmt":"2024-01-17T14:14:57","guid":{"rendered":"https:\/\/dgospel.com.br\/portal\/?p=18216"},"modified":"2024-01-17T11:14:59","modified_gmt":"2024-01-17T14:14:59","slug":"governo-do-tocantins-inicia-preparativos-para-a-agrotins-2024","status":"publish","type":"post","link":"https:\/\/dgospel.com.br\/portal\/index.php\/2024\/01\/17\/governo-do-tocantins-inicia-preparativos-para-a-agrotins-2024\/","title":{"rendered":"Governo do Tocantins inicia preparativos para a Agrotins 2024"},"content":{"rendered":"\n<p>O Governo do Tocantins, por meio&nbsp; da Secretaria de Estado da Agricultura e Pecu\u00e1ria (Seagro), juntamente com representantes do Minist\u00e9rio do Desenvolvimento Agr\u00e1rio e Agricultura Familiar (MDA-TO) , secretarias estaduais e entidades ligadas ao agroneg\u00f3cio se reuniram, na manh\u00e3 desta ter\u00e7a-feira, 16, para iniciar os preparativos para a realiza\u00e7\u00e3o da Feira de Tecnologia Agropecu\u00e1ria (Agrotins 2024). A feira ocorre anualmente no m\u00eas de maio, no Parque Agrotecnol\u00f3gico Engenheiro Agr\u00f4nomo Mauro Medanha, em Palmas.<\/p>\n\n\n\n<p>No encontro foram definidas as principais atividades de cada segmento envolvidos na organiza\u00e7\u00e3o, delegando atribui\u00e7\u00f5es para o andamento de realiza\u00e7\u00e3o da Feira deste ano. Na ocasi\u00e3o foram criadas quatro comiss\u00f5es ligadas a infraestrutura, or\u00e7amento, caravanas de expositores e exposi\u00e7\u00e3o em geral.<\/p>\n\n\n\n<p>De acordo com o diretor de Agricultura Familiar da Seagro, Geilson Barbosa, o Governo do Tocantins busca a cada ano intensificar as atividades em todos os segmentos agropecu\u00e1rios. \u201cEste ano j\u00e1 come\u00e7amos a nos organizar com todos os parceiros para definir as a\u00e7\u00f5es e atividades para a melhoria da infraestrutura, atendimento aos agricultores familiares, visitantes e exposi\u00e7\u00e3o em geral na Agrotins 2024\u201d, enfatizou o diretor.<\/p>\n\n\n\n<p>O superintendente de Desenvolvimento Agr\u00e1rio e Agricultura Familiar no Tocantins, Diego Montelo, ressaltou que na Agrotins 2024, a expectativa \u00e9 trazer o MDA com as secretarias federais para dentro da Feira. \u201cE com isso, trazer as novas pol\u00edticas que o Governo Federal prop\u00f5e para Agricultura Familiar, enfatizando o Plano Safra e os financiamentos rurais, contribuindo, assim, com o Governo do Tocantins para aumentar a participa\u00e7\u00e3o e qualificar os produtores da agricultura familiar para melhoria da qualidade de&nbsp; vida das comunidades rurais\u201d, disse o superintendente.<\/p>\n\n\n\n<p>A diretora de Assist\u00eancia T\u00e9cnica interina do Instituto de Desenvolvimento Rural do Tocantins (Ruraltins), Elis\u00e2ngela Maria Lopes, explica que as inova\u00e7\u00f5es deste ano buscam a uni\u00e3o entre as secretarias de Estado e as entidades que representam o segmento da agricultura familiar, visando planejar melhor o espa\u00e7o do agricultor familiar. \u201cEm conjunto com estas organiza\u00e7\u00f5es, num espa\u00e7o de di\u00e1logo e constru\u00e7\u00e3o com esse p\u00fablico, da agricultura familiar, ind\u00edgenas, quilombolas, agroextrativistas&nbsp; e de diversos segmentos do meio rural, visando&nbsp;a efici\u00eancia&nbsp; desse atendimento na Agrotins 2024\u201d, explicou.<\/p>\n\n\n\n<p><strong>Participantes<\/strong><\/p>\n\n\n\n<p>Seagro; MDA; Ruraltins; Secretaria de Estado dos Povos Origin\u00e1rios e Tradicionais (Sepot-TO); Federa\u00e7\u00e3o Tocantinense de Apicultura (Fetoap); Companhia Nacional de Abastecimento (Conab); Secretaria Estadual da Mulher; Instituto Nacional de Coloniza\u00e7\u00e3o e Reforma Agr\u00e1ria (Incra) e Federa\u00e7\u00e3o dos Trabalhadores Agricultores Rurais e Agricultoras Familiares do Tocantins (Fetaet).<\/p>\n\n\n\n<p>Edi\u00e7\u00e3o: Daniela Oliveira<\/p>\n\n\n\n<p><img src=\"https:\/\/central.to.gov.br\/image\/362281?w=670&amp;h=383\"><\/p>\n\n\n\n<p>Governo do Tocantins e parceiros se re\u00fanem em prepara\u00e7\u00e3o para a Agrotins 2024 &#8211; Seagro\/Governo do Tocantins\u00a0<\/p>\n","protected":false},"excerpt":{"rendered":"<p>O Governo do Tocantins, por meio&nbsp; da Secretaria de Estado da Agricultura e Pecu\u00e1ria (Seagro), juntamente com representantes do Minist\u00e9rio do Desenvolvimento Agr\u00e1rio e Agricultura Familiar (MDA-TO) , secretarias estaduais e entidades ligadas ao agroneg\u00f3cio se reuniram, na manh\u00e3 desta ter\u00e7a-feira, 16, para iniciar os preparativos para a realiza\u00e7\u00e3o da Feira de Tecnologia Agropecu\u00e1ria (Agrotins [&hellip;]<\/p>\n","protected":false},"author":2,"featured_media":18217,"comment_status":"open","ping_status":"open","sticky":false,"template":"","format":"standard","meta":[],"categories":[3],"tags":[13],"_links":{"self":[{"href":"https:\/\/dgospel.com.br\/portal\/index.php\/wp-json\/wp\/v2\/posts\/18216"}],"collection":[{"href":"https:\/\/dgospel.com.br\/portal\/index.php\/wp-json\/wp\/v2\/posts"}],"about":[{"href":"https:\/\/dgospel.com.br\/portal\/index.php\/wp-json\/wp\/v2\/types\/post"}],"author":[{"embeddable":true,"href":"https:\/\/dgospel.com.br\/portal\/index.php\/wp-json\/wp\/v2\/users\/2"}],"replies":[{"embeddable":true,"href":"https:\/\/dgospel.com.br\/portal\/index.php\/wp-json\/wp\/v2\/comments?post=18216"}],"version-history":[{"count":1,"href":"https:\/\/dgospel.com.br\/portal\/index.php\/wp-json\/wp\/v2\/posts\/18216\/revisions"}],"predecessor-version":[{"id":18218,"href":"https:\/\/dgospel.com.br\/portal\/index.php\/wp-json\/wp\/v2\/posts\/18216\/revisions\/18218"}],"wp:featuredmedia":[{"embeddable":true,"href":"https:\/\/dgospel.com.br\/portal\/index.php\/wp-json\/wp\/v2\/media\/18217"}],"wp:attachment":[{"href":"https:\/\/dgospel.com.br\/portal\/index.php\/wp-json\/wp\/v2\/media?parent=18216"}],"wp:term":[{"taxonomy":"category","embeddable":true,"href":"https:\/\/dgospel.com.br\/portal\/index.php\/wp-json\/wp\/v2\/categories?post=18216"},{"taxonomy":"post_tag","embeddable":true,"href":"https:\/\/dgospel.com.br\/portal\/index.php\/wp-json\/wp\/v2\/tags?post=18216"}],"curies":[{"name":"wp","href":"https:\/\/api.w.org\/{rel}","templated":true}]}}