{"id":18222,"date":"2024-01-17T11:20:19","date_gmt":"2024-01-17T14:20:19","guid":{"rendered":"https:\/\/dgospel.com.br\/portal\/?p=18222"},"modified":"2024-01-17T11:20:20","modified_gmt":"2024-01-17T14:20:20","slug":"itertins-discute-diagnostico-dos-titulos-definitivos-das-terras-da-uniao-no-tocantins-com-mpf-e-incra","status":"publish","type":"post","link":"https:\/\/dgospel.com.br\/portal\/index.php\/2024\/01\/17\/itertins-discute-diagnostico-dos-titulos-definitivos-das-terras-da-uniao-no-tocantins-com-mpf-e-incra\/","title":{"rendered":"Itertins discute diagn\u00f3stico dos t\u00edtulos definitivos das terras da Uni\u00e3o no Tocantins com MPF e Incra"},"content":{"rendered":"\n<p>Na manh\u00e3 desta ter\u00e7a-feira, 16, o presidente do Instituto de Terras do Tocantins (Itertins), Robson Figueiredo, reuniu-se com o procurador da Rep\u00fablica, Alexandre Ismail Miguel representando o Minist\u00e9rio P\u00fablico Federal (MPF), o superintendente regional do Tocantins do Instituto Nacional de Coloniza\u00e7\u00e3o e Reforma Agr\u00e1ria (Incra), Edmundo Rodrigues Costa e a Comiss\u00e3o de Estudos T\u00e9cnicos para discutir as estrat\u00e9gias para a realiza\u00e7\u00e3o do diagn\u00f3stico dos t\u00edtulos definitivos de dom\u00ednio expedidos pelo Estado do Tocantins, atrav\u00e9s do Itertins, dentro da faixa que rege o Decreto Lei 1164\/71 sobre terras p\u00fablicas, em \u00e1reas arrecadas e matriculadas em nome da Uni\u00e3o, bem como o Decreto 22375\/87.<\/p>\n\n\n\n<p>O objetivo da reuni\u00e3o foi iniciar um di\u00e1logo entre as institui\u00e7\u00f5es para realizar o levantamento sobre as \u00e1reas situadas nas faixas de 100 quil\u00f4metros de largura em cada lado do eixo das Rodovias Federais Bel\u00e9m-Bras\u00edlia ou BR-153 e Transamaz\u00f4nica (Transaraguaia) ou BR-230. \u201cEsta \u00e9 uma oportunidade de avan\u00e7armos nesta quest\u00e3o, dando seguran\u00e7a jur\u00eddica aos pequenos, m\u00e9dios e grandes agricultores que escolheram o Tocantins para se desenvolverem\u201d, pontua o presidente do Itertins, Robson Figueiredo.<\/p>\n\n\n\n<p>Para o procurador da Rep\u00fablica, Alexandre Ismail Miguel, o diagn\u00f3stico ser\u00e1 importante no andamento dos trabalhos do MPF no compromisso com a regulariza\u00e7\u00e3o fundi\u00e1ria no Pa\u00eds. \u201cEstamos conhecendo os grupos de trabalhos para fomentar e melhorar as estrat\u00e9gias de resolu\u00e7\u00e3o de conflitos\u201d, complementa.<\/p>\n\n\n\n<p>Na reuni\u00e3o, entre outras medidas, foi solicitado a coopera\u00e7\u00e3o ao Incra na disponibiliza\u00e7\u00e3o das matr\u00edculas e materiais cartogr\u00e1ficos das \u00e1reas que ser\u00e3o analisadas. \u201cA Superintend\u00eancia do Incra estar\u00e1 de portas abertas para receber as demandas\u201d, determinou o superintendente regional do Incra, Edmundo Rodrigues Costa.<\/p>\n\n\n\n<p>Tamb\u00e9m participaram da reuni\u00e3o, a analista do MPF, Alliny Naves Pereira Morais, o servidor do Incra, Divino Soares e os membros da Comiss\u00e3o de Estudos T\u00e9cnicos, os servidores do\u00a0 Itertins, Edivan Fonseca Milhomem, Edimar Ferreira da Silva, Andr\u00e9 Arley Sena Porto,\u00a0Camila Paula Rocha de Oliveira, Edler Alves Reis, Inael Rodrigues de Araujo e Jo\u00e3o Vitor Barbosa Silva.<\/p>\n\n\n\n<p><img src=\"https:\/\/central.to.gov.br\/image\/362288?w=670&amp;h=383\"><\/p>\n\n\n\n<p>As \u00e1reas est\u00e3o situadas nas faixas de 100 quil\u00f4metros de largura em cada lado do eixo das Rodovias Federais Bel\u00e9m-Bras\u00edlia ou BR-153 e Transamaz\u00f4nica ou Transaraguaia ou BR-230 &#8211; Pedro Thiago Mac\u00eado\/Governo do Tocantins<\/p>\n","protected":false},"excerpt":{"rendered":"<p>Na manh\u00e3 desta ter\u00e7a-feira, 16, o presidente do Instituto de Terras do Tocantins (Itertins), Robson Figueiredo, reuniu-se com o procurador da Rep\u00fablica, Alexandre Ismail Miguel representando o Minist\u00e9rio P\u00fablico Federal (MPF), o superintendente regional do Tocantins do Instituto Nacional de Coloniza\u00e7\u00e3o e Reforma Agr\u00e1ria (Incra), Edmundo Rodrigues Costa e a Comiss\u00e3o de Estudos T\u00e9cnicos para [&hellip;]<\/p>\n","protected":false},"author":2,"featured_media":18223,"comment_status":"open","ping_status":"open","sticky":false,"template":"","format":"standard","meta":[],"categories":[3],"tags":[13],"_links":{"self":[{"href":"https:\/\/dgospel.com.br\/portal\/index.php\/wp-json\/wp\/v2\/posts\/18222"}],"collection":[{"href":"https:\/\/dgospel.com.br\/portal\/index.php\/wp-json\/wp\/v2\/posts"}],"about":[{"href":"https:\/\/dgospel.com.br\/portal\/index.php\/wp-json\/wp\/v2\/types\/post"}],"author":[{"embeddable":true,"href":"https:\/\/dgospel.com.br\/portal\/index.php\/wp-json\/wp\/v2\/users\/2"}],"replies":[{"embeddable":true,"href":"https:\/\/dgospel.com.br\/portal\/index.php\/wp-json\/wp\/v2\/comments?post=18222"}],"version-history":[{"count":1,"href":"https:\/\/dgospel.com.br\/portal\/index.php\/wp-json\/wp\/v2\/posts\/18222\/revisions"}],"predecessor-version":[{"id":18224,"href":"https:\/\/dgospel.com.br\/portal\/index.php\/wp-json\/wp\/v2\/posts\/18222\/revisions\/18224"}],"wp:featuredmedia":[{"embeddable":true,"href":"https:\/\/dgospel.com.br\/portal\/index.php\/wp-json\/wp\/v2\/media\/18223"}],"wp:attachment":[{"href":"https:\/\/dgospel.com.br\/portal\/index.php\/wp-json\/wp\/v2\/media?parent=18222"}],"wp:term":[{"taxonomy":"category","embeddable":true,"href":"https:\/\/dgospel.com.br\/portal\/index.php\/wp-json\/wp\/v2\/categories?post=18222"},{"taxonomy":"post_tag","embeddable":true,"href":"https:\/\/dgospel.com.br\/portal\/index.php\/wp-json\/wp\/v2\/tags?post=18222"}],"curies":[{"name":"wp","href":"https:\/\/api.w.org\/{rel}","templated":true}]}}