{"id":18228,"date":"2024-01-18T12:34:20","date_gmt":"2024-01-18T15:34:20","guid":{"rendered":"https:\/\/dgospel.com.br\/portal\/?p=18228"},"modified":"2024-01-18T12:34:21","modified_gmt":"2024-01-18T15:34:21","slug":"bancada-evangelica-fala-em-perseguicao-do-governo-lula","status":"publish","type":"post","link":"https:\/\/dgospel.com.br\/portal\/index.php\/2024\/01\/18\/bancada-evangelica-fala-em-perseguicao-do-governo-lula\/","title":{"rendered":"Bancada evang\u00e9lica fala em persegui\u00e7\u00e3o do governo Lula"},"content":{"rendered":"\n<p>A bancada evang\u00e9lica no Congresso Nacional reagiu, na tarde desta quarta-feira (17), \u00e0 decis\u00e3o da Receita Federal de revogar norma que dava isen\u00e7\u00e3o fiscal a l\u00edderes religiosos.<\/p>\n\n\n\n<p>Parlamentares ouvidos pela CNN definiram o ato que p\u00f4s fim a decis\u00e3o editada ainda no governo do ex-presidente Jair Bolsonaro (PL) como persegui\u00e7\u00e3o do atual comandante do Pal\u00e1cio do Planalto.<\/p>\n\n\n\n<p>Para o l\u00edder da bancada evang\u00e9lica na C\u00e2mara dos Deputados, Silas C\u00e2mara (Republicanos-AM), a decis\u00e3o n\u00e3o faz sentido, j\u00e1 que o governo do presidente Luiz In\u00e1cio Lula da Silva (PT) tem dito que quer se aproximar dos evang\u00e9licos. C\u00e2mara classificou o ato da Receita como lament\u00e1vel.<\/p>\n\n\n\n<p>J\u00e1 a vice-presidente da Frente Parlamentar Evang\u00e9lica do Senado, Damares Alves (Republicanos-DF), usou as redes sociais para criticar a decis\u00e3o. \u201cCome\u00e7ou! N\u00f3s avisamos que de uma forma ou de outra a persegui\u00e7\u00e3o viria\u201d, escreveu.<\/p>\n\n\n\n<p>De acordo com a senadora, a anula\u00e7\u00e3o do ato editado pelo ex-presidente Bolsonaro tem como objetivo tornar a \u201cos dias\u201d dos evang\u00e9licos \u201cbem dif\u00edceis\u201d. \u201cPor enquanto \u00e9 a isen\u00e7\u00e3o, mas temos pa\u00edses aqui em nosso continente liderados pela esquerda onde l\u00edderes religiosos est\u00e3o sendo presos e at\u00e9 mesmo expulsos\u201d, completou.<\/p>\n\n\n\n<h2>Brecha<\/h2>\n\n\n\n<p>A norma abria brecha para que ganhos como \u201cparticipa\u00e7\u00e3o de lucros\u201d, \u201ccumprimento de metas\u201d e reembolso por gastos com educa\u00e7\u00e3o e sa\u00fade n\u00e3o fossem tributados.<\/p>\n\n\n\n<p>A decis\u00e3o, de acordo com a Receita, atende a uma determina\u00e7\u00e3o do Tribunal de Contas da Uni\u00e3o (TCU) para suspender a regra. O principal ponto levantado em auditoria foi o fato de alguns ganhos estarem sendo confundidos com a \u201cprebenda\u201d, o rendimento eclesi\u00e1stico, que legalmente \u00e9 isento da contribui\u00e7\u00e3o previdenci\u00e1ria.<\/p>\n\n\n\n<p>Editado no fim de julho de 2022, o \u201cAto Declarat\u00f3rio Interpretativo n\u00ba 1)\u201d, da Receita Federal, aumentou a isen\u00e7\u00e3o previdenci\u00e1ria a l\u00edderes religiosos.<\/p>\n\n\n\n<p>O documento foi amplamente divulgado por Bolsonaro, ent\u00e3o candidato \u00e0 Presid\u00eancia, na primeira agenda oficial de campanha em Juiz de Fora, em Minas Gerais, com a presen\u00e7a de pastores de v\u00e1rias denomina\u00e7\u00f5es.<\/p>\n\n\n\n<p>\u201cA reivindica\u00e7\u00e3o j\u00e1 foi aceita, [o ato] est\u00e1 publicado no Di\u00e1rio Oficial da Uni\u00e3o\u201d, disse Bolsonaro \u00e0 \u00e9poca. Na ocasi\u00e3o, Bolsonaro insinuou que a medida poderia ter sido editada antes, por outros governos, mas n\u00e3o \u201cia adiante por persegui\u00e7\u00e3o religiosa\u201d.<\/p>\n\n\n\n<p>Logo depois, a \u00e1rea t\u00e9cnica da Receita Federal come\u00e7ou a revisar o ato. Um dos pontos detectados, de acordo com envolvidos na an\u00e1lise, \u00e9 que o documento n\u00e3o passou pela avalia\u00e7\u00e3o de impacto de receita. Procedimento adotado para todas as ren\u00fancias fiscais.<\/p>\n\n\n\n<p>CNN<\/p>\n","protected":false},"excerpt":{"rendered":"<p>A bancada evang\u00e9lica no Congresso Nacional reagiu, na tarde desta quarta-feira (17), \u00e0 decis\u00e3o da Receita Federal de revogar norma que dava isen\u00e7\u00e3o fiscal a l\u00edderes religiosos. Parlamentares ouvidos pela CNN definiram o ato que p\u00f4s fim a decis\u00e3o editada ainda no governo do ex-presidente Jair Bolsonaro (PL) como persegui\u00e7\u00e3o do atual comandante do Pal\u00e1cio [&hellip;]<\/p>\n","protected":false},"author":2,"featured_media":18229,"comment_status":"open","ping_status":"open","sticky":false,"template":"","format":"standard","meta":[],"categories":[8],"tags":[13],"_links":{"self":[{"href":"https:\/\/dgospel.com.br\/portal\/index.php\/wp-json\/wp\/v2\/posts\/18228"}],"collection":[{"href":"https:\/\/dgospel.com.br\/portal\/index.php\/wp-json\/wp\/v2\/posts"}],"about":[{"href":"https:\/\/dgospel.com.br\/portal\/index.php\/wp-json\/wp\/v2\/types\/post"}],"author":[{"embeddable":true,"href":"https:\/\/dgospel.com.br\/portal\/index.php\/wp-json\/wp\/v2\/users\/2"}],"replies":[{"embeddable":true,"href":"https:\/\/dgospel.com.br\/portal\/index.php\/wp-json\/wp\/v2\/comments?post=18228"}],"version-history":[{"count":1,"href":"https:\/\/dgospel.com.br\/portal\/index.php\/wp-json\/wp\/v2\/posts\/18228\/revisions"}],"predecessor-version":[{"id":18230,"href":"https:\/\/dgospel.com.br\/portal\/index.php\/wp-json\/wp\/v2\/posts\/18228\/revisions\/18230"}],"wp:featuredmedia":[{"embeddable":true,"href":"https:\/\/dgospel.com.br\/portal\/index.php\/wp-json\/wp\/v2\/media\/18229"}],"wp:attachment":[{"href":"https:\/\/dgospel.com.br\/portal\/index.php\/wp-json\/wp\/v2\/media?parent=18228"}],"wp:term":[{"taxonomy":"category","embeddable":true,"href":"https:\/\/dgospel.com.br\/portal\/index.php\/wp-json\/wp\/v2\/categories?post=18228"},{"taxonomy":"post_tag","embeddable":true,"href":"https:\/\/dgospel.com.br\/portal\/index.php\/wp-json\/wp\/v2\/tags?post=18228"}],"curies":[{"name":"wp","href":"https:\/\/api.w.org\/{rel}","templated":true}]}}