{"id":1824,"date":"2018-11-12T17:33:42","date_gmt":"2018-11-12T19:33:42","guid":{"rendered":"http:\/\/dgospel.com.br\/portal\/?p=1824"},"modified":"2018-11-12T17:33:42","modified_gmt":"2018-11-12T19:33:42","slug":"membros-da-cpi-do-previpalmas-convocam-novas-testemunhas","status":"publish","type":"post","link":"https:\/\/dgospel.com.br\/portal\/index.php\/2018\/11\/12\/membros-da-cpi-do-previpalmas-convocam-novas-testemunhas\/","title":{"rendered":"Membros da CPI do PreviPalmas convocam novas testemunhas"},"content":{"rendered":"<p class=\"yiv6137163029MsoNormal\">Durante reuni\u00e3o extraordin\u00e1ria, na manh\u00e3 desta segunda-feira, 12, os vereadores membros da Comiss\u00e3o Parlamentar de Inqu\u00e9rito (CPI) reuniram-se na C\u00e2mara Municipal de Palmas para definir sobre os pr\u00f3ximos depoimentos que ser\u00e3o prestados, bem como estabelecer algumas necessidades para o andamento da CPI.<\/p>\n<p class=\"yiv6137163029MsoNormal\">Presidida pelo vereador professor J\u00fanior Geo (PROS), a reuni\u00e3o deliberou novas datas para realiza\u00e7\u00e3o das sess\u00f5es ordin\u00e1rias, que acontecer\u00e3o a partir da pr\u00f3xima semana, nas quartas \u00e0s 17h30 e nas quintas, \u00e0s 18h. Segundo Geo,\u00a0as atividades da Comiss\u00e3o est\u00e3o previstas para serem finalizadas ainda este ano.<\/p>\n<p class=\"yiv6137163029MsoNormal\">Na ocasi\u00e3o, foram deliberadas as convoca\u00e7\u00f5es de:<\/p>\n<p class=\"yiv6137163029MsoNormal\">&#8211; An\u00edsio Gomes Dotor, ex-diretor de investimentos do PreviPalmas;<\/p>\n<p class=\"yiv6137163029MsoNormal\">&#8211; Marineide Santana, ex-diretora administrativa financeira do PreviPalmas;<\/p>\n<p class=\"yiv6137163029MsoNormal\">&#8211; Wally Aparecida Mac\u00eado Vidovix, ex-presidente do PreviPalmas;<\/p>\n<p class=\"yiv6137163029MsoNormal\">&#8211; Paulo Cesar Gon\u00e7alves da Silva, gerente geral da Caixa Econ\u00f4mica Federal;<\/p>\n<p class=\"yiv6137163029MsoNormal\">&#8211; Olivier Leal Pires, gerente de atendimento e neg\u00f3cios da Caixa Econ\u00f4mica Federal;<\/p>\n<p class=\"yiv6137163029MsoNormal\">&#8211; Ivete Magali Winter Reis, representante da ICLA Trust Distribuidora de T\u00edtulos e Valores Imobili\u00e1rios e MHFT Investimentos;<\/p>\n<p class=\"yiv6137163029MsoNormal\">&#8211; Carlos Eduardo Franco de Abreu, representante da Icla e MHFT Investimentos.<\/p>\n<p class=\"yiv6137163029MsoNormal\"><b>Intima\u00e7\u00f5es n\u00e3o realizadas<\/b><\/p>\n<p class=\"yiv6137163029MsoNormal\">A C\u00e2mara Municipal de Palmas n\u00e3o possui oficial de justi\u00e7a e tem buscado as pessoas em seus endere\u00e7os para a intima\u00e7\u00e3o com funcion\u00e1rios da Casa que est\u00e3o cumprindo essa fun\u00e7\u00e3o, com poder semelhante. Tendo em vista esta dificuldade, ainda n\u00e3o foram localizados presencialmente, ap\u00f3s v\u00e1rias tentativas, o ex-presidente do PreviPalmas, Maxcilane Machado Fleury e o\u00a0ex-diretor de investimentos do PreviPalmas, F\u00e1bio Costa Martins.<\/p>\n<p class=\"yiv6137163029MsoNormal\">O ex-secret\u00e1rio de finan\u00e7as de Palmas, Christian Zini, foi intimado via Di\u00e1rio Oficial no dia 1\u00ba de novembro para comparecer no dia 6 de novembro, mas apresentou justificativa de aus\u00eancia e se colocou a disposi\u00e7\u00e3o para esclarecimentos. No entanto, ap\u00f3s nova tentativa de intim\u00e1-lo pessoalmente, nesta segunda-feira, 12, foi informado pela secret\u00e1ria do seu escrit\u00f3rio de advocacia que ele est\u00e1 em viagem ao exterior.<\/p>\n<p class=\"yiv6137163029MsoNormal\"><b>Oitivas do dia 13 de novembro<\/b><\/p>\n<p class=\"yiv6137163029MsoNormal\">Est\u00e3o confirmados para as oitivas desta ter\u00e7a-feira, 13: Marcelo Alves, ex-presidente do PreviPalmas, Maria Cristina Carreira, coordenadora do projeto de auditoria pelo Instituto de Apoio \u00e0 Universidade de Pernambuco (Iaupe) e Ant\u00f4nio Chrysippo Aguiar, ex-presidente do PreviPalmas e denunciante da CPI. Apesar de intimados apenas via Di\u00e1rio Oficial,\u00a0Maxcilane Machado Fleury,\u00a0Christian Zini e\u00a0F\u00e1bio Costa Martins\u00a0tamb\u00e9m podem comparecer a esta pr\u00f3xima sess\u00e3o.<\/p>\n","protected":false},"excerpt":{"rendered":"<p>Durante reuni\u00e3o extraordin\u00e1ria, na manh\u00e3 desta segunda-feira, 12, os vereadores membros da Comiss\u00e3o Parlamentar de Inqu\u00e9rito (CPI) reuniram-se na C\u00e2mara Municipal de Palmas para definir sobre os pr\u00f3ximos depoimentos que ser\u00e3o prestados, bem como estabelecer algumas necessidades para o andamento da CPI. Presidida pelo vereador professor J\u00fanior Geo (PROS), a reuni\u00e3o deliberou novas datas para [&hellip;]<\/p>\n","protected":false},"author":2,"featured_media":1825,"comment_status":"open","ping_status":"open","sticky":false,"template":"","format":"standard","meta":[],"categories":[8,2],"tags":[],"_links":{"self":[{"href":"https:\/\/dgospel.com.br\/portal\/index.php\/wp-json\/wp\/v2\/posts\/1824"}],"collection":[{"href":"https:\/\/dgospel.com.br\/portal\/index.php\/wp-json\/wp\/v2\/posts"}],"about":[{"href":"https:\/\/dgospel.com.br\/portal\/index.php\/wp-json\/wp\/v2\/types\/post"}],"author":[{"embeddable":true,"href":"https:\/\/dgospel.com.br\/portal\/index.php\/wp-json\/wp\/v2\/users\/2"}],"replies":[{"embeddable":true,"href":"https:\/\/dgospel.com.br\/portal\/index.php\/wp-json\/wp\/v2\/comments?post=1824"}],"version-history":[{"count":1,"href":"https:\/\/dgospel.com.br\/portal\/index.php\/wp-json\/wp\/v2\/posts\/1824\/revisions"}],"predecessor-version":[{"id":1826,"href":"https:\/\/dgospel.com.br\/portal\/index.php\/wp-json\/wp\/v2\/posts\/1824\/revisions\/1826"}],"wp:featuredmedia":[{"embeddable":true,"href":"https:\/\/dgospel.com.br\/portal\/index.php\/wp-json\/wp\/v2\/media\/1825"}],"wp:attachment":[{"href":"https:\/\/dgospel.com.br\/portal\/index.php\/wp-json\/wp\/v2\/media?parent=1824"}],"wp:term":[{"taxonomy":"category","embeddable":true,"href":"https:\/\/dgospel.com.br\/portal\/index.php\/wp-json\/wp\/v2\/categories?post=1824"},{"taxonomy":"post_tag","embeddable":true,"href":"https:\/\/dgospel.com.br\/portal\/index.php\/wp-json\/wp\/v2\/tags?post=1824"}],"curies":[{"name":"wp","href":"https:\/\/api.w.org\/{rel}","templated":true}]}}