{"id":18240,"date":"2024-01-19T15:56:35","date_gmt":"2024-01-19T18:56:35","guid":{"rendered":"https:\/\/dgospel.com.br\/portal\/?p=18240"},"modified":"2024-01-19T15:56:37","modified_gmt":"2024-01-19T18:56:37","slug":"ministerio-da-saude-troca-mae-por-pessoa-que-pariu","status":"publish","type":"post","link":"https:\/\/dgospel.com.br\/portal\/index.php\/2024\/01\/19\/ministerio-da-saude-troca-mae-por-pessoa-que-pariu\/","title":{"rendered":"Minist\u00e9rio da Sa\u00fade troca \u201cm\u00e3e\u201d por \u201cpessoa que pariu\u201d"},"content":{"rendered":"\n<p>Uma publica\u00e7\u00e3o do Minist\u00e9rio da Sa\u00fade no Instagram causou pol\u00eamica por substituir a palavra \u201cm\u00e3e\u201d por \u201cpessoa que pariu\u201d. A postagem em quest\u00e3o traz informa\u00e7\u00f5es sobre o puerp\u00e9rio, per\u00edodo p\u00f3s-parto que provoca uma s\u00e9rie de mudan\u00e7as no corpo e mente da mulher.<\/p>\n\n\n\n<p>\u2013 O que \u00e9 o puerp\u00e9rio? Tamb\u00e9m conhecido como p\u00f3s-parto, puerp\u00e9rio \u00e9 o per\u00edodo que ocorre ap\u00f3s o parto. Nesta fase, o corpo de quem pariu est\u00e1 em processo de recupera\u00e7\u00e3o passando por uma s\u00e9rie de modifica\u00e7\u00f5es f\u00edsicas, emocionais e psicol\u00f3gicas \u2013 diz o texto.<\/p>\n\n\n\n<p>E continua:<\/p>\n\n\n\n<p>\u2013 Estima-se que o tempo m\u00e9dio do puerp\u00e9rio \u00e9 de seis semanas, come\u00e7ando imediatamente ap\u00f3s o parto do beb\u00ea. Contudo, esse per\u00edodo pode ser vari\u00e1vel de acordo com cada realidade, especialmente quando relacionado \u00e0 amamenta\u00e7\u00e3o. Durante esta fase, a pessoa que pariu ou vivenciou uma perda gestacional est\u00e1 readequando a sua rotina \u00e0 nova realidade.<\/p>\n\n\n\n<p>A iniciativa tem levantado questionamentos nas redes sociais sobre tornar mulheres invis\u00edveis ou apagar termos como \u201cm\u00e3e\u201d e \u201cmaternidade\u201d.<\/p>\n\n\n\n<p>\u2013 Pessoa que gesta? Est\u00e3o com medo da palavra mulher? \u2013 questionou uma professora \u2013 N\u00e3o \u00e9 inclus\u00e3o quando gera apagamento \u2013 continuou.<\/p>\n\n\n\n<p>A substitui\u00e7\u00e3o atende ao ativismo ideol\u00f3gico da identidade de g\u00eanero, no qual pessoas trans (mulheres biol\u00f3gicas que n\u00e3o se sentem mulheres) e pessoas n\u00e3o bin\u00e1rias (que n\u00e3o se sentem mulheres, nem homens) se sentem ofendidas com palavras femininas.<\/p>\n\n\n\n<figure class=\"wp-block-image\"><img src=\"https:\/\/static.cdn.pleno.news\/2024\/01\/WhatsApp-Image-2024-01-18-at-23.45.45-547x1024.jpeg\" alt=\"\" class=\"wp-image-1266194\"\/><\/figure>\n\n\n\n<p><strong>ASSOCIA\u00c7\u00c3O DE MULHERES CRITICA TERMO<\/strong><br>A Associa\u00e7\u00e3o de Mulheres, M\u00e3es e Trabalhadoras do Brasil (Matria) tamb\u00e9m se pronunciou sobre o assunto e criticou a troca da palavra \u201cm\u00e3e\u201d pelo termo \u201cpessoa que pariu\u201d.<\/p>\n\n\n\n<p>Em uma&nbsp;<a href=\"https:\/\/www.associacaomatria.com\/post\/nota-de-rep%C3%BAdio-minist%C3%A9rio-da-sa%C3%BAde\" target=\"_blank\" rel=\"noreferrer noopener\">nota de rep\u00fadio<\/a>, a institui\u00e7\u00e3o diz \u201cque h\u00e1 uma ades\u00e3o total do governo atual a uma \u2018cultura woke\u2019 que privilegia demandas masculinas e desumaniza mulheres\u201d.<\/p>\n\n\n\n<p>\u2013 N\u00e3o somos mais consideradas seres humanos do sexo feminino mas sim uma \u201cidentidade\u201d, uma \u201cperformance\u201d, um conjunto de \u201cestere\u00f3tipos\u201d ou \u201cinterven\u00e7\u00f5es est\u00e9ticas\u201d que poderiam ser adotados por qualquer um.<\/p>\n\n\n\n<p><strong>Leia na \u00edntegra:<br><\/strong><em>Em 14\/01\/2024 o Minist\u00e9rio da Sa\u00fade mais uma vez publicou em suas redes sociais comunicado direcionado a mulheres no qual se refere a n\u00f3s com termos extremamente desumanizantes, como \u201cpessoa que gesta\u201d e \u201cpessoa que pariu\u201d.<\/em><\/p>\n\n\n\n<p><em>Percebemos que h\u00e1 uma ades\u00e3o total do governo atual a uma \u201ccultura woke\u201d que privilegia demandas masculinas e desumaniza mulheres: n\u00e3o somos mais consideradas seres humanos do sexo feminino mas sim uma \u201cidentidade\u201d, uma \u201cperformance\u201d, um conjunto de \u201cestere\u00f3tipos\u201d ou \u201cinterven\u00e7\u00f5es est\u00e9ticas\u201d que poderiam ser adotados por qualquer um.<\/em><\/p>\n\n\n\n<p><em>Para que essa ideologia se sustente, \u00e9 preciso dissociar a palavra mulher de tudo que \u00e9 exclusivo ao sexo feminino, como menstruar, gestar, parir ou amamentar, ou restaria claro que nenhuma pessoa do sexo masculino pode reivindicar para a si a nomenclatura \u201cmulher\u201d.<\/em><\/p>\n\n\n\n<p><em>E assim o governo nos faz regredir, em pleno s\u00e9culo 21, ao status contra o qual lutamos h\u00e1 mil\u00eanios: o de sermos vistas apenas como um corpo desprovido de cidadania, um \u201ccorpo que pare\u201d, uma \u201cpessoa com \u00fatero\u201d, \u201cque menstrua\u201d, \u201ccom vagina\u201d ou qualquer outro termo desumanizante como os que o governo vem adotando por meios de seus \u00f3rg\u00e3os oficiais, sob o manto de um suposto progressismo.<\/em><\/p>\n","protected":false},"excerpt":{"rendered":"<p>Uma publica\u00e7\u00e3o do Minist\u00e9rio da Sa\u00fade no Instagram causou pol\u00eamica por substituir a palavra \u201cm\u00e3e\u201d por \u201cpessoa que pariu\u201d. A postagem em quest\u00e3o traz informa\u00e7\u00f5es sobre o puerp\u00e9rio, per\u00edodo p\u00f3s-parto que provoca uma s\u00e9rie de mudan\u00e7as no corpo e mente da mulher. \u2013 O que \u00e9 o puerp\u00e9rio? Tamb\u00e9m conhecido como p\u00f3s-parto, puerp\u00e9rio \u00e9 o [&hellip;]<\/p>\n","protected":false},"author":2,"featured_media":18241,"comment_status":"open","ping_status":"open","sticky":false,"template":"","format":"standard","meta":[],"categories":[10],"tags":[],"_links":{"self":[{"href":"https:\/\/dgospel.com.br\/portal\/index.php\/wp-json\/wp\/v2\/posts\/18240"}],"collection":[{"href":"https:\/\/dgospel.com.br\/portal\/index.php\/wp-json\/wp\/v2\/posts"}],"about":[{"href":"https:\/\/dgospel.com.br\/portal\/index.php\/wp-json\/wp\/v2\/types\/post"}],"author":[{"embeddable":true,"href":"https:\/\/dgospel.com.br\/portal\/index.php\/wp-json\/wp\/v2\/users\/2"}],"replies":[{"embeddable":true,"href":"https:\/\/dgospel.com.br\/portal\/index.php\/wp-json\/wp\/v2\/comments?post=18240"}],"version-history":[{"count":1,"href":"https:\/\/dgospel.com.br\/portal\/index.php\/wp-json\/wp\/v2\/posts\/18240\/revisions"}],"predecessor-version":[{"id":18242,"href":"https:\/\/dgospel.com.br\/portal\/index.php\/wp-json\/wp\/v2\/posts\/18240\/revisions\/18242"}],"wp:featuredmedia":[{"embeddable":true,"href":"https:\/\/dgospel.com.br\/portal\/index.php\/wp-json\/wp\/v2\/media\/18241"}],"wp:attachment":[{"href":"https:\/\/dgospel.com.br\/portal\/index.php\/wp-json\/wp\/v2\/media?parent=18240"}],"wp:term":[{"taxonomy":"category","embeddable":true,"href":"https:\/\/dgospel.com.br\/portal\/index.php\/wp-json\/wp\/v2\/categories?post=18240"},{"taxonomy":"post_tag","embeddable":true,"href":"https:\/\/dgospel.com.br\/portal\/index.php\/wp-json\/wp\/v2\/tags?post=18240"}],"curies":[{"name":"wp","href":"https:\/\/api.w.org\/{rel}","templated":true}]}}