{"id":18243,"date":"2024-01-19T16:02:28","date_gmt":"2024-01-19T19:02:28","guid":{"rendered":"https:\/\/dgospel.com.br\/portal\/?p=18243"},"modified":"2024-01-19T16:02:29","modified_gmt":"2024-01-19T19:02:29","slug":"otan-diz-que-esta-se-preparando-para-guerra-com-a-russia","status":"publish","type":"post","link":"https:\/\/dgospel.com.br\/portal\/index.php\/2024\/01\/19\/otan-diz-que-esta-se-preparando-para-guerra-com-a-russia\/","title":{"rendered":"Otan diz que est\u00e1 se preparando para guerra com a R\u00fassia"},"content":{"rendered":"\n<p>O presidente do comit\u00ea militar da Organiza\u00e7\u00e3o do Tratado do Atl\u00e2ntico Norte (Otan), Rob Bauer, anunciou que a alian\u00e7a est\u00e1 se preparando para um confronto com a R\u00fassia e com grupos terroristas. A declara\u00e7\u00e3o do almirante holand\u00eas ocorre ap\u00f3s o bloco informar que far\u00e1 seu maior exerc\u00edcio militar desde a Guerra Fria, reunindo 90 mil soldados.<\/p>\n\n\n\n<p>\u2013 N\u00e3o estou dizendo que dar\u00e1 tudo errado amanh\u00e3, mas temos que perceber que n\u00e3o \u00e9 certo que estaremos em paz. E \u00e9 por isso que n\u00f3s [for\u00e7as da OTAN] temos planos, \u00e9 por isso que estamos nos preparando para um conflito com a R\u00fassia e com terroristas \u2013 disse Bauer durante coletiva de imprensa em Bruxelas, ap\u00f3s reuni\u00e3o dos chefes militares de defesa da Otan.<\/p>\n\n\n\n<p>O almirante orientou ainda que na\u00e7\u00f5es e civis estejam prontos para os confrontos e at\u00e9 mesmo para serem recrutados, pois caso uma guerra global ocorra, ela mudar\u00e1 o cen\u00e1rio mundial pelos pr\u00f3ximos 20 anos.<\/p>\n\n\n\n<p>\u2013 Mas a discuss\u00e3o \u00e9 muito mais ampla. \u00c9 tamb\u00e9m a base industrial, e os civis que t\u00eam de compreender que desempenham um papel. Precisamos que os intervenientes p\u00fablicos e privados mudem a sua mentalidade de uma era em que tudo era planej\u00e1vel, previs\u00edvel, control\u00e1vel e centrado na efici\u00eancia, para uma era em que tudo pode acontecer a qualquer momento. Uma era em que precisamos esperar o inesperado. \u00c9 preciso ser capaz de recorrer a uma base industrial que seja capaz de produzir armas e muni\u00e7\u00f5es com rapidez suficiente para poder continuar um conflito, se estivermos nele \u2013 acrescentou Bauer.<\/p>\n\n\n\n<p>O almirante frisou que a Otan n\u00e3o est\u00e1 \u201cprocurando conflito\u201d, mas que reagir\u00e1 a altura em caso de ataque.<\/p>\n\n\n\n<p><strong>EXERC\u00cdCIO MILITAR<br><\/strong>No come\u00e7o desta semana, a Otan divulgou que est\u00e1 prestes a realizar o maior exerc\u00edcio militar desde 1988, quando houve a queda da Uni\u00e3o Sovi\u00e9tica.<\/p>\n\n\n\n<p>Intitulada Steadfast Defender 2024 (Defensor Firme 2024, em tradu\u00e7\u00e3o livre), a manobra se estender\u00e1 at\u00e9 o m\u00eas de maio. Ela reunir\u00e1 90 mil soldados provenientes das 31 na\u00e7\u00f5es que fazem parte do bloco, al\u00e9m da Su\u00e9cia, que est\u00e1 negociando sua entrada no grupo.<\/p>\n\n\n\n<p>O objetivo, segundo o comandante supremo aliado da Europa, Christopher Cavoli, \u00e9 \u201cdemonstrar a capacidade da Otan de enviar rapidamente for\u00e7as da Am\u00e9rica do Norte e de outras partes da alian\u00e7a para refor\u00e7ar a defesa da Europa\u201d.<\/p>\n\n\n\n<p>A atividade contar\u00e1 com mais de 50 navios, 80 aeronaves e ao menos 1.100 ve\u00edculos de combate terrestre.<\/p>\n","protected":false},"excerpt":{"rendered":"<p>O presidente do comit\u00ea militar da Organiza\u00e7\u00e3o do Tratado do Atl\u00e2ntico Norte (Otan), Rob Bauer, anunciou que a alian\u00e7a est\u00e1 se preparando para um confronto com a R\u00fassia e com grupos terroristas. A declara\u00e7\u00e3o do almirante holand\u00eas ocorre ap\u00f3s o bloco informar que far\u00e1 seu maior exerc\u00edcio militar desde a Guerra Fria, reunindo 90 mil [&hellip;]<\/p>\n","protected":false},"author":2,"featured_media":18244,"comment_status":"open","ping_status":"open","sticky":false,"template":"","format":"standard","meta":[],"categories":[16],"tags":[],"_links":{"self":[{"href":"https:\/\/dgospel.com.br\/portal\/index.php\/wp-json\/wp\/v2\/posts\/18243"}],"collection":[{"href":"https:\/\/dgospel.com.br\/portal\/index.php\/wp-json\/wp\/v2\/posts"}],"about":[{"href":"https:\/\/dgospel.com.br\/portal\/index.php\/wp-json\/wp\/v2\/types\/post"}],"author":[{"embeddable":true,"href":"https:\/\/dgospel.com.br\/portal\/index.php\/wp-json\/wp\/v2\/users\/2"}],"replies":[{"embeddable":true,"href":"https:\/\/dgospel.com.br\/portal\/index.php\/wp-json\/wp\/v2\/comments?post=18243"}],"version-history":[{"count":1,"href":"https:\/\/dgospel.com.br\/portal\/index.php\/wp-json\/wp\/v2\/posts\/18243\/revisions"}],"predecessor-version":[{"id":18245,"href":"https:\/\/dgospel.com.br\/portal\/index.php\/wp-json\/wp\/v2\/posts\/18243\/revisions\/18245"}],"wp:featuredmedia":[{"embeddable":true,"href":"https:\/\/dgospel.com.br\/portal\/index.php\/wp-json\/wp\/v2\/media\/18244"}],"wp:attachment":[{"href":"https:\/\/dgospel.com.br\/portal\/index.php\/wp-json\/wp\/v2\/media?parent=18243"}],"wp:term":[{"taxonomy":"category","embeddable":true,"href":"https:\/\/dgospel.com.br\/portal\/index.php\/wp-json\/wp\/v2\/categories?post=18243"},{"taxonomy":"post_tag","embeddable":true,"href":"https:\/\/dgospel.com.br\/portal\/index.php\/wp-json\/wp\/v2\/tags?post=18243"}],"curies":[{"name":"wp","href":"https:\/\/api.w.org\/{rel}","templated":true}]}}