{"id":18246,"date":"2024-01-19T16:12:58","date_gmt":"2024-01-19T19:12:58","guid":{"rendered":"https:\/\/dgospel.com.br\/portal\/?p=18246"},"modified":"2024-01-19T16:12:58","modified_gmt":"2024-01-19T19:12:58","slug":"frente-evangelica-ve-ataque-do-governo-lula-em-ato-da-receita","status":"publish","type":"post","link":"https:\/\/dgospel.com.br\/portal\/index.php\/2024\/01\/19\/frente-evangelica-ve-ataque-do-governo-lula-em-ato-da-receita\/","title":{"rendered":"Frente Evang\u00e9lica v\u00ea \u201cataque\u201d do governo Lula em ato da Receita"},"content":{"rendered":"\n<p>A Frente Parlamentar Evang\u00e9lica do Congresso Nacional emitiu uma nota de rep\u00fadio a um ato da Receita Federal que altera a forma de recolhimento previdenci\u00e1rio de l\u00edderes religiosos. O texto \u00e9 assinado pelas Frentes Evang\u00e9licas da C\u00e2mara e Senado. Ao todo, 132 deputados e 14 senadores comp\u00f5em os blocos.<\/p>\n\n\n\n<p>Na mensagem, os parlamentares afirmam ver \u201ccom grande estranheza\u201d a revoga\u00e7\u00e3o da norma que, em 2022, garantiu a ministros religiosos a condi\u00e7\u00e3o de contribuinte individual. Com isso, as organiza\u00e7\u00f5es religiosas ficam desobrigadas de recolher taxas previdenci\u00e1rias sobre a remunera\u00e7\u00e3o dos ministros, chamada de prebenda.<\/p>\n\n\n\n<p>\u2013 Fica muito claro os ataques que continuamente v\u00eam sendo feitos ao segmento crist\u00e3o atrav\u00e9s das institui\u00e7\u00f5es governamentais. Trata-se de um ataque expl\u00edcito ao segmento religioso, parcela importante da sociedade brasileira \u2013 pontua.<\/p>\n\n\n\n<p>Segundo a nota, \u201cs\u00e3o a\u00e7\u00f5es como essa que, cada vez mais, afastam a popula\u00e7\u00e3o crist\u00e3\u201d do governo de Luiz In\u00e1cio Lula da Silva (PT).<\/p>\n\n\n\n<p>\u2013 Lamentavelmente, neste governo, estamos convivendo com a \u201cigrejofobia\u201d, a \u201cbibliofobia\u201d e, agora, a \u201csacerdotiofobia\u201d \u2013 disse ao Estad\u00e3o o deputado Eli Borges, coordenador da Frente Evang\u00e9lica da C\u00e2mara.<\/p>\n\n\n\n<p>Procurado para comentar sobre as cr\u00edticas dos parlamentares, o Pal\u00e1cio do Planalto se limitou a informar que a decis\u00e3o \u00e9 de responsabilidade do Minist\u00e9rio da Fazenda, e que a Receita acatou determina\u00e7\u00e3o do Tribunal de Contas da Uni\u00e3o (TCU). O TCU afirmou que o caso est\u00e1 em an\u00e1lise e ainda n\u00e3o h\u00e1 um posicionamento sobre as prebendas.<\/p>\n\n\n\n<p>*AE<\/p>\n","protected":false},"excerpt":{"rendered":"<p>A Frente Parlamentar Evang\u00e9lica do Congresso Nacional emitiu uma nota de rep\u00fadio a um ato da Receita Federal que altera a forma de recolhimento previdenci\u00e1rio de l\u00edderes religiosos. O texto \u00e9 assinado pelas Frentes Evang\u00e9licas da C\u00e2mara e Senado. Ao todo, 132 deputados e 14 senadores comp\u00f5em os blocos. Na mensagem, os parlamentares afirmam ver [&hellip;]<\/p>\n","protected":false},"author":2,"featured_media":18247,"comment_status":"open","ping_status":"open","sticky":false,"template":"","format":"standard","meta":[],"categories":[4],"tags":[],"_links":{"self":[{"href":"https:\/\/dgospel.com.br\/portal\/index.php\/wp-json\/wp\/v2\/posts\/18246"}],"collection":[{"href":"https:\/\/dgospel.com.br\/portal\/index.php\/wp-json\/wp\/v2\/posts"}],"about":[{"href":"https:\/\/dgospel.com.br\/portal\/index.php\/wp-json\/wp\/v2\/types\/post"}],"author":[{"embeddable":true,"href":"https:\/\/dgospel.com.br\/portal\/index.php\/wp-json\/wp\/v2\/users\/2"}],"replies":[{"embeddable":true,"href":"https:\/\/dgospel.com.br\/portal\/index.php\/wp-json\/wp\/v2\/comments?post=18246"}],"version-history":[{"count":1,"href":"https:\/\/dgospel.com.br\/portal\/index.php\/wp-json\/wp\/v2\/posts\/18246\/revisions"}],"predecessor-version":[{"id":18248,"href":"https:\/\/dgospel.com.br\/portal\/index.php\/wp-json\/wp\/v2\/posts\/18246\/revisions\/18248"}],"wp:featuredmedia":[{"embeddable":true,"href":"https:\/\/dgospel.com.br\/portal\/index.php\/wp-json\/wp\/v2\/media\/18247"}],"wp:attachment":[{"href":"https:\/\/dgospel.com.br\/portal\/index.php\/wp-json\/wp\/v2\/media?parent=18246"}],"wp:term":[{"taxonomy":"category","embeddable":true,"href":"https:\/\/dgospel.com.br\/portal\/index.php\/wp-json\/wp\/v2\/categories?post=18246"},{"taxonomy":"post_tag","embeddable":true,"href":"https:\/\/dgospel.com.br\/portal\/index.php\/wp-json\/wp\/v2\/tags?post=18246"}],"curies":[{"name":"wp","href":"https:\/\/api.w.org\/{rel}","templated":true}]}}