{"id":18249,"date":"2024-01-19T16:19:35","date_gmt":"2024-01-19T19:19:35","guid":{"rendered":"https:\/\/dgospel.com.br\/portal\/?p=18249"},"modified":"2024-01-19T16:19:36","modified_gmt":"2024-01-19T19:19:36","slug":"ministro-de-lula-tem-contas-bloqueadas-por-dividas-eleitorais","status":"publish","type":"post","link":"https:\/\/dgospel.com.br\/portal\/index.php\/2024\/01\/19\/ministro-de-lula-tem-contas-bloqueadas-por-dividas-eleitorais\/","title":{"rendered":"Ministro de Lula tem contas bloqueadas por d\u00edvidas eleitorais"},"content":{"rendered":"\n<p>Alexandre Padilha, Ministro de Rela\u00e7\u00f5es Institucionais do governo Lula, teve suas contas bloqueados por d\u00edvida de campanha, remanescente desde 2014, quando Padilha concorreu ao governo do Estado de S\u00e3o Paulo.<\/p>\n\n\n\n<p>A origem da d\u00edvida \u00e9 uma a\u00e7\u00e3o movida pela Anal\u00edtica, Amaral &amp; Associados Comunica\u00e7\u00e3o Ltda, cobrando R$ 1,65 milh\u00e3o por servi\u00e7os de assessoria de imprensa prestados naquela campanha eleitoral. De acordo com os termos do contrato, o pagamento deveria ser feito em tr\u00eas parcelas, mas apenas R$ 900 mil foram pagos. O Partido dos Trabalhadores de S\u00e3o Paulo assumiu a responsabilidade pela d\u00edvida, no entanto, n\u00e3o cumpriu o pagamento devido \u00e0 pend\u00eancia de um recurso judicial.<\/p>\n\n\n\n<p>Em fevereiro de 2023, a Justi\u00e7a ordenou a execu\u00e7\u00e3o da d\u00edvida, atualizada para R$ 1,9 milh\u00e3o. Em julho do mesmo ano, a ag\u00eancia solicitou o bloqueio das contas de Padilha, um pedido que foi atendido. No final do ano, o ministro buscou o desbloqueio de seus ativos, mas o juiz Th\u00e9o Assuar Gragnano negou o pedido, afirmando que n\u00e3o compete ao plant\u00e3o Judici\u00e1rio revisar tal quest\u00e3o.<\/p>\n","protected":false},"excerpt":{"rendered":"<p>Alexandre Padilha, Ministro de Rela\u00e7\u00f5es Institucionais do governo Lula, teve suas contas bloqueados por d\u00edvida de campanha, remanescente desde 2014, quando Padilha concorreu ao governo do Estado de S\u00e3o Paulo. A origem da d\u00edvida \u00e9 uma a\u00e7\u00e3o movida pela Anal\u00edtica, Amaral &amp; Associados Comunica\u00e7\u00e3o Ltda, cobrando R$ 1,65 milh\u00e3o por servi\u00e7os de assessoria de imprensa [&hellip;]<\/p>\n","protected":false},"author":2,"featured_media":18250,"comment_status":"open","ping_status":"open","sticky":false,"template":"","format":"standard","meta":[],"categories":[4],"tags":[],"_links":{"self":[{"href":"https:\/\/dgospel.com.br\/portal\/index.php\/wp-json\/wp\/v2\/posts\/18249"}],"collection":[{"href":"https:\/\/dgospel.com.br\/portal\/index.php\/wp-json\/wp\/v2\/posts"}],"about":[{"href":"https:\/\/dgospel.com.br\/portal\/index.php\/wp-json\/wp\/v2\/types\/post"}],"author":[{"embeddable":true,"href":"https:\/\/dgospel.com.br\/portal\/index.php\/wp-json\/wp\/v2\/users\/2"}],"replies":[{"embeddable":true,"href":"https:\/\/dgospel.com.br\/portal\/index.php\/wp-json\/wp\/v2\/comments?post=18249"}],"version-history":[{"count":1,"href":"https:\/\/dgospel.com.br\/portal\/index.php\/wp-json\/wp\/v2\/posts\/18249\/revisions"}],"predecessor-version":[{"id":18251,"href":"https:\/\/dgospel.com.br\/portal\/index.php\/wp-json\/wp\/v2\/posts\/18249\/revisions\/18251"}],"wp:featuredmedia":[{"embeddable":true,"href":"https:\/\/dgospel.com.br\/portal\/index.php\/wp-json\/wp\/v2\/media\/18250"}],"wp:attachment":[{"href":"https:\/\/dgospel.com.br\/portal\/index.php\/wp-json\/wp\/v2\/media?parent=18249"}],"wp:term":[{"taxonomy":"category","embeddable":true,"href":"https:\/\/dgospel.com.br\/portal\/index.php\/wp-json\/wp\/v2\/categories?post=18249"},{"taxonomy":"post_tag","embeddable":true,"href":"https:\/\/dgospel.com.br\/portal\/index.php\/wp-json\/wp\/v2\/tags?post=18249"}],"curies":[{"name":"wp","href":"https:\/\/api.w.org\/{rel}","templated":true}]}}