{"id":18252,"date":"2024-01-19T16:29:41","date_gmt":"2024-01-19T19:29:41","guid":{"rendered":"https:\/\/dgospel.com.br\/portal\/?p=18252"},"modified":"2024-01-19T16:36:37","modified_gmt":"2024-01-19T19:36:37","slug":"parlamentares-evangelicos-dizem-sofrer-ataque-explicito-em-caso-fake-de-isencao","status":"publish","type":"post","link":"https:\/\/dgospel.com.br\/portal\/index.php\/2024\/01\/19\/parlamentares-evangelicos-dizem-sofrer-ataque-explicito-em-caso-fake-de-isencao\/","title":{"rendered":"Parlamentares evang\u00e9licos dizem sofrer \u2018ataque expl\u00edcito\u2019 em caso \u2018fake\u2019 de isen\u00e7\u00e3o"},"content":{"rendered":"\n<p>A Frente Parlamentar Evang\u00e9lica da C\u00e2mara dos Deputados e do Senado Federal emitiu uma nota para esclarecer uma not\u00edcia a respeito da suposta isen\u00e7\u00e3o fiscal sobre a remunera\u00e7\u00e3o de l\u00edderes religiosos, o que inclui pastores e sacerdotes de v\u00e1rias religi\u00f5es.<\/p>\n\n\n\n<p>De acordo com a bancada, \u00e9 falsa a informa\u00e7\u00e3o de que o ex-presidente Jair Messias Bolsonaro teria concedido um benef\u00edcio fiscal para os l\u00edderes religiosos. Os parlamentares argumentam que, na verdade, o que houve foi uma norma interpretativa a respeito do que j\u00e1 est\u00e1 previsto na Constitui\u00e7\u00e3o Federal.<\/p>\n\n\n\n<p>O deputado federal Silas C\u00e2mara (Republicanos-AM), presidente da Frente, tamb\u00e9m emitiu uma nota esclarecendo a quest\u00e3o:<\/p>\n\n\n\n<p>\u201cAfirmamos que nunca houve nenhum tipo de isen\u00e7\u00e3o dada ministros de qualquer culto. Uma breve consulta ao regulamento do Imposto de Renda desfaz essa fal\u00e1cia que visa somente puxar os evang\u00e9licos para o debate para agu\u00e7ar a oposi\u00e7\u00e3o p\u00fablica contr\u00e1ria\u201d, afirma o parlamentar em seu documento.<\/p>\n\n\n\n<p>\u201cFoi revogado apenas um ato interpretativo que tratava da quest\u00e3o previdenci\u00e1ria de ministros cuja lei correspondente continua vigente\u201d, continua a nota. Na sequ\u00eancia, o documento diz que a revoga\u00e7\u00e3o atual da interpreta\u00e7\u00e3o pode prejudicar os&nbsp;<a href=\"https:\/\/noticias.gospelmais.com.br\/lula-iniciou-vinganca-feliciano-anulacao-isencao-fiscal-166997.html\">l\u00edderes<\/a>&nbsp;religiosos.<\/p>\n\n\n\n<p>Isso porque, segundo C\u00e2mara, a medida \u201cdeixa os ministros de qualquer culto \u00e0 merc\u00ea da interpreta\u00e7\u00e3o particular e do humor dos auditores da fazenda\u2026 \u00c9 a velha pr\u00e1tica de promover o caos. Nunca houve essa tal isen\u00e7\u00e3o para nenhum ministro de culto em nenhum governo\u201d.<\/p>\n\n\n\n<p>\u201cAtaque\u201d<\/p>\n\n\n\n<p>A nota conjunta dos evang\u00e9licos da C\u00e2mara e do Senado vai al\u00e9m, dizendo que a medida da Receita Federal, sob o atual governo, caracteriza um \u201cataque expl\u00edcito\u201d aos evang\u00e9licos, o que dificulta ainda mais a aproxima\u00e7\u00e3o de Lula com as igrejas.<\/p>\n\n\n\n<p>\u201cFica muito claro os ataques que continuamente v\u00eam sendo feitos ao segmento crist\u00e3o atrav\u00e9s das institui\u00e7\u00f5es governamentais, atacando aqueles que n\u00e3o apoiam suas propostas. Trata-se de um \u2018ataque expl\u00edcito\u2019 ao segmento religioso, parcela importante da sociedade brasileira\u201d, diz um trecho\u00a0<a href=\"https:\/\/static.poder360.com.br\/2024\/01\/nota-bancada-evangelica-17-jan-2024.pdf\">do texto<\/a>.\u00a0<a href=\"https:\/\/www.instagram.com\/p\/C2OcJtYu-kE\/\">Assista<\/a>:<\/p>\n\n\n\n<p><a href=\"https:\/\/www.instagram.com\/p\/C2OcJtYu-kE\/\">https:\/\/www.instagram.com\/p\/C2OcJtYu-kE\/<\/a><\/p>\n","protected":false},"excerpt":{"rendered":"<p>A Frente Parlamentar Evang\u00e9lica da C\u00e2mara dos Deputados e do Senado Federal emitiu uma nota para esclarecer uma not\u00edcia a respeito da suposta isen\u00e7\u00e3o fiscal sobre a remunera\u00e7\u00e3o de l\u00edderes religiosos, o que inclui pastores e sacerdotes de v\u00e1rias religi\u00f5es. De acordo com a bancada, \u00e9 falsa a informa\u00e7\u00e3o de que o ex-presidente Jair Messias [&hellip;]<\/p>\n","protected":false},"author":2,"featured_media":18253,"comment_status":"open","ping_status":"open","sticky":false,"template":"","format":"standard","meta":[],"categories":[8],"tags":[13],"_links":{"self":[{"href":"https:\/\/dgospel.com.br\/portal\/index.php\/wp-json\/wp\/v2\/posts\/18252"}],"collection":[{"href":"https:\/\/dgospel.com.br\/portal\/index.php\/wp-json\/wp\/v2\/posts"}],"about":[{"href":"https:\/\/dgospel.com.br\/portal\/index.php\/wp-json\/wp\/v2\/types\/post"}],"author":[{"embeddable":true,"href":"https:\/\/dgospel.com.br\/portal\/index.php\/wp-json\/wp\/v2\/users\/2"}],"replies":[{"embeddable":true,"href":"https:\/\/dgospel.com.br\/portal\/index.php\/wp-json\/wp\/v2\/comments?post=18252"}],"version-history":[{"count":1,"href":"https:\/\/dgospel.com.br\/portal\/index.php\/wp-json\/wp\/v2\/posts\/18252\/revisions"}],"predecessor-version":[{"id":18254,"href":"https:\/\/dgospel.com.br\/portal\/index.php\/wp-json\/wp\/v2\/posts\/18252\/revisions\/18254"}],"wp:featuredmedia":[{"embeddable":true,"href":"https:\/\/dgospel.com.br\/portal\/index.php\/wp-json\/wp\/v2\/media\/18253"}],"wp:attachment":[{"href":"https:\/\/dgospel.com.br\/portal\/index.php\/wp-json\/wp\/v2\/media?parent=18252"}],"wp:term":[{"taxonomy":"category","embeddable":true,"href":"https:\/\/dgospel.com.br\/portal\/index.php\/wp-json\/wp\/v2\/categories?post=18252"},{"taxonomy":"post_tag","embeddable":true,"href":"https:\/\/dgospel.com.br\/portal\/index.php\/wp-json\/wp\/v2\/tags?post=18252"}],"curies":[{"name":"wp","href":"https:\/\/api.w.org\/{rel}","templated":true}]}}