{"id":18257,"date":"2024-01-19T16:39:21","date_gmt":"2024-01-19T19:39:21","guid":{"rendered":"https:\/\/dgospel.com.br\/portal\/?p=18257"},"modified":"2024-01-19T16:39:22","modified_gmt":"2024-01-19T19:39:22","slug":"jovens-vocacionados-sao-impactados-por-deus-em-acampamento-radical-na-amazonia","status":"publish","type":"post","link":"https:\/\/dgospel.com.br\/portal\/index.php\/2024\/01\/19\/jovens-vocacionados-sao-impactados-por-deus-em-acampamento-radical-na-amazonia\/","title":{"rendered":"Jovens vocacionados s\u00e3o impactados por Deus em acampamento \u2018Radical\u2019 na Amaz\u00f4nia"},"content":{"rendered":"\n<p>Para levar a Palavra de Deus ao conhecimento do mundo, primeiro \u00e9 necess\u00e1rio estar capacitado espiritual e intelectualmente, algo que a Junta de Miss\u00f5es Nacionais entende muito bem, motivo pelo qual realizou um trabalho com jovens vocacionados em um acampamento \u201cradical\u201d na Amaz\u00f4nia.<\/p>\n\n\n\n<p>O evento ocorreu entre os dias 4 e 15 desse m\u00eas, e contou com a presen\u00e7a de 193 jovens vocacionados. Ou seja, pessoas que acreditam ter um chamado especial da parte de Deus para atuar, por exemplo, como pastores ou mission\u00e1rios.<\/p>\n\n\n\n<p>Est\u00e1 foi a segunda edi\u00e7\u00e3o do projeto, sendo por isso chamado de \u201c2\u00ba Acampamento Radical Amaz\u00f4nia\u201d. Este ano, o tema do encontro foi \u201cTransformados para Transformar\u201d, em alus\u00e3o \u00e0 capacita\u00e7\u00e3o necess\u00e1ria para atuar no campo misison\u00e1rio.<\/p>\n\n\n\n<p><\/p>\n\n\n\n<figure class=\"wp-block-image size-full\"><img loading=\"lazy\" width=\"225\" height=\"225\" src=\"https:\/\/dgospel.com.br\/portal\/wp-content\/uploads\/2024\/01\/000-1.jpg\" alt=\"\" class=\"wp-image-18258\" srcset=\"https:\/\/dgospel.com.br\/portal\/wp-content\/uploads\/2024\/01\/000-1.jpg 225w, https:\/\/dgospel.com.br\/portal\/wp-content\/uploads\/2024\/01\/000-1-150x150.jpg 150w\" sizes=\"(max-width: 225px) 100vw, 225px\" \/><\/figure>\n\n\n\n<p>Um registro do encontro foi compartilhado nas redes sociais da Junta de Miss\u00f5es Nacionais, onde foi destacado o quanto os vocacionados foram impactados por Deus durante os 12 dias de acampamento.<\/p>\n\n\n\n<p>\u201cDeus conduziu tudo isso de forma poderosa. Vimos cora\u00e7\u00f5es verdadeiramente quebrantados, jovens decididos a viver um compromisso real com Cristo e Seu Reino. Vimos gente disposta a viver de forma Radical com Jesus\u201d, informou a entidade.<\/p>\n\n\n\n<h2>Testemunho<\/h2>\n\n\n\n<p>Dielson Gonzaga, um dos participantes do evento, testemunhou o quanto a estadia no acampamento foi importante para confirmar o que Deus j\u00e1 havia posto em seu cora\u00e7\u00e3o, ressaltando que o seu objetivo, agora, \u00e9 se dedicar totalmente ao trabalho mission\u00e1rio.<\/p>\n\n\n\n<p>\u201cA experi\u00eancia de estar aqui no acampamento de novo est\u00e1 sendo incr\u00edvel por Deus confirmando mais uma vez o meu chamado e a inten\u00e7\u00e3o de viver miss\u00f5es integralmente\u201d, disse ele, segundo o Guiame.<\/p>\n\n\n\n<p>Outro testemunho partiu de uma jovem, tamb\u00e9m confirmando o sucesso da programa\u00e7\u00e3o. \u201cForam dias incr\u00edveis que transformaram a minha vida\u201d, disse ela. \u201cCremos que os participantes foram muito aben\u00e7oados e que agora v\u00e3o impactar muitas vidas\u201d.&nbsp;<a href=\"https:\/\/www.instagram.com\/reel\/C12t9K1PZy4\/\">Assista<\/a>:<\/p>\n","protected":false},"excerpt":{"rendered":"<p>Para levar a Palavra de Deus ao conhecimento do mundo, primeiro \u00e9 necess\u00e1rio estar capacitado espiritual e intelectualmente, algo que a Junta de Miss\u00f5es Nacionais entende muito bem, motivo pelo qual realizou um trabalho com jovens vocacionados em um acampamento \u201cradical\u201d na Amaz\u00f4nia. O evento ocorreu entre os dias 4 e 15 desse m\u00eas, e [&hellip;]<\/p>\n","protected":false},"author":2,"featured_media":18259,"comment_status":"open","ping_status":"open","sticky":false,"template":"","format":"standard","meta":[],"categories":[5],"tags":[],"_links":{"self":[{"href":"https:\/\/dgospel.com.br\/portal\/index.php\/wp-json\/wp\/v2\/posts\/18257"}],"collection":[{"href":"https:\/\/dgospel.com.br\/portal\/index.php\/wp-json\/wp\/v2\/posts"}],"about":[{"href":"https:\/\/dgospel.com.br\/portal\/index.php\/wp-json\/wp\/v2\/types\/post"}],"author":[{"embeddable":true,"href":"https:\/\/dgospel.com.br\/portal\/index.php\/wp-json\/wp\/v2\/users\/2"}],"replies":[{"embeddable":true,"href":"https:\/\/dgospel.com.br\/portal\/index.php\/wp-json\/wp\/v2\/comments?post=18257"}],"version-history":[{"count":1,"href":"https:\/\/dgospel.com.br\/portal\/index.php\/wp-json\/wp\/v2\/posts\/18257\/revisions"}],"predecessor-version":[{"id":18260,"href":"https:\/\/dgospel.com.br\/portal\/index.php\/wp-json\/wp\/v2\/posts\/18257\/revisions\/18260"}],"wp:featuredmedia":[{"embeddable":true,"href":"https:\/\/dgospel.com.br\/portal\/index.php\/wp-json\/wp\/v2\/media\/18259"}],"wp:attachment":[{"href":"https:\/\/dgospel.com.br\/portal\/index.php\/wp-json\/wp\/v2\/media?parent=18257"}],"wp:term":[{"taxonomy":"category","embeddable":true,"href":"https:\/\/dgospel.com.br\/portal\/index.php\/wp-json\/wp\/v2\/categories?post=18257"},{"taxonomy":"post_tag","embeddable":true,"href":"https:\/\/dgospel.com.br\/portal\/index.php\/wp-json\/wp\/v2\/tags?post=18257"}],"curies":[{"name":"wp","href":"https:\/\/api.w.org\/{rel}","templated":true}]}}