{"id":18261,"date":"2024-01-19T16:46:39","date_gmt":"2024-01-19T19:46:39","guid":{"rendered":"https:\/\/dgospel.com.br\/portal\/?p=18261"},"modified":"2024-01-19T16:46:40","modified_gmt":"2024-01-19T19:46:40","slug":"pais-cristaos-perdem-a-guarda-de-filho-por-se-recusarem-a-aceitar-transicao-de-genero","status":"publish","type":"post","link":"https:\/\/dgospel.com.br\/portal\/index.php\/2024\/01\/19\/pais-cristaos-perdem-a-guarda-de-filho-por-se-recusarem-a-aceitar-transicao-de-genero\/","title":{"rendered":"Pais crist\u00e3os perdem a guarda de filho por se recusarem a aceitar transi\u00e7\u00e3o de g\u00eanero"},"content":{"rendered":"\n<p>Os pais Mary e Jeremy Cox, de Indiana, Estados Unidos, perderam a guarda do filho ap\u00f3s se recusarem a usar pronome feminino para se referir ao menor, que se identifica como menina.<\/p>\n\n\n\n<p>\u201cComo um pai, eu acredito que um dos meus principais objetivos \u00e9 manter meus filhos seguros e n\u00e3o posso fazer isso quando o Estado entra em nossa casa e leva nosso filho porque n\u00e3o podemos, em s\u00e3 consci\u00eancia, afirmar sua&nbsp;<a href=\"https:\/\/www.guiame.com.br\/busca?termo=identidade+de+g%C3%AAnero\"><strong>identidade de g\u00eanero<\/strong><\/a>\u201d, disse Jeremy ao canal do YouTube, \u201cIndiana Family Institute\u201d.<\/p>\n\n\n\n<p>\u201cIsso causou um enorme buraco em nossos cora\u00e7\u00f5es. Nossa fam\u00edlia o ama e iremos sempre orar por ele\u201d, acrescentou Mary.<\/p>\n\n\n\n<p>O casal solicitou \u00e0 Suprema Corte dos EUA que revisse o caso depois que o filho foi levado de casa pelo Departamento de Servi\u00e7os Infantis de Indiana (DCS), em junho de 2021.<\/p>\n\n\n\n<p>Segundo o Indiana Family Institute (IFI), que est\u00e1 apoiando o caso dos pais, o DCS come\u00e7ou a investigar a fam\u00edlia Cox depois que o filho decidiu come\u00e7ar a se identificar como menina.<\/p>\n\n\n\n<p>O tribunal de primeira inst\u00e2ncia retirou a crian\u00e7a da cust\u00f3dia dos pais, alegando preocupa\u00e7\u00f5es sobre o bem-estar do menor num ambiente que n\u00e3o afirmava a sua identidade de g\u00eanero.<\/p>\n\n\n\n<p>A decis\u00e3o foi mantida pelo Tribunal de Apela\u00e7\u00f5es de Indiana, que decidiu que a restri\u00e7\u00e3o \u00e0 instru\u00e7\u00e3o religiosa dos pais era permitida pelas constitui\u00e7\u00f5es estaduais e federais.<\/p>\n\n\n\n<p>Ent\u00e3o, quando a Suprema Corte de Indiana se recusou a revisar o caso, o casal buscou a interven\u00e7\u00e3o da Suprema Corte dos EUA.<\/p>\n\n\n\n<p>Mary contou que o filho passou cerca de 18 meses longe e para v\u00ea-lo, eles t\u00eam restri\u00e7\u00f5es, onde s\u00f3 podem permanecer com ele num per\u00edodo de tr\u00eas horas por semana.<\/p>\n\n\n\n<p>\u201cEnt\u00e3o, como m\u00e3e, ter acesso limitado a seu filho \u00e9 de partir o cora\u00e7\u00e3o. Sinto falta dele, sinto falta de passar tempo com ele\u201d, afirmou ela.<\/p>\n\n\n\n<p>E continuou: \u201cH\u00e1 tantas coisas que somos para nossos filhos, n\u00e3o apenas seus primeiros professores, mas seus primeiros amores. Nunca recuperaremos esse tempo perdido\u201d.<\/p>\n\n\n\n<p>O Conselheiro Geral da IFI, Josh Hershberger, apresentou uma peti\u00e7\u00e3o que defende a prote\u00e7\u00e3o dos direitos dos pais, da liberdade de express\u00e3o e do livre exerc\u00edcio da religi\u00e3o.&nbsp;<\/p>\n\n\n\n<p>\u201cNenhum outro pai deve perder a cust\u00f3dia de seu filho ou enfrentar o governo por causa de suas cren\u00e7as religiosas. Mary e Jeremy Cox esgotaram todos os outros recursos e est\u00e3o seriamente preocupados com a possibilidade de o estado de Indiana vir buscar seus outros filhos. A interven\u00e7\u00e3o deste Tribunal \u00e9 necess\u00e1ria\u201d, afirmou a peti\u00e7\u00e3o.<\/p>\n\n\n\n<p>\u201cN\u00e3o buscamos uma linguagem de g\u00eanero com nossos filhos, porque primeiro, como crist\u00e3os, acreditamos que&nbsp;<a href=\"https:\/\/www.guiame.com.br\/gospel\/mundo-cristao\/franklin-graham-rebate-papa-nao-temos-direito-de-abencoar-o-que-deus-chama-de-pecado.html\"><strong>Deus nos criou como homem e mulher<\/strong><\/a>. E como pais, \u00e9 nosso trabalho ajudar nossos filhos a alcan\u00e7ar seu potencial e a \u00fanica maneira que achamos de fazer isso \u00e9 criar nossos filhos atrav\u00e9s de nossos princ\u00edpios crist\u00e3os\u201d, disse a m\u00e3e.<\/p>\n\n\n\n<p>\u201cE em segundo lugar, n\u00e3o adotamos essas ideologias porque fizemos muitas pesquisas sobre esse assunto e entendemos que isso n\u00e3o iria ajudar nosso filho\u201d, acrescentou o pai.<\/p>\n\n\n\n<p><strong>Alega\u00e7\u00f5es da justi\u00e7a&nbsp;<\/strong><\/p>\n\n\n\n<p>Este caso gerou pol\u00eamica no estado de Indiana, onde os direitos&nbsp;<a href=\"https:\/\/www.guiame.com.br\/busca?termo=lgbt\"><strong>trans&nbsp;<\/strong><\/a>e os direitos dos pais s\u00e3o temas muito debatidos.&nbsp;<\/p>\n\n\n\n<p>O portal USA Today informou que o desentendimento dos pais com o filho, identificado como AC nos autos do tribunal, supostamente levou a um grave dist\u00farbio alimentar e ao auto-isolamento. Fatores que contribu\u00edram para a decis\u00e3o do tribunal.<\/p>\n\n\n\n<p>Durante uma audi\u00eancia em junho de 2021, Mary e Jeremy mostraram ao tribunal documentos que comprovavam que eles haviam consultado um especialista em transtornos alimentares e tamb\u00e9m procuravam um novo terapeuta para o filho.<\/p>\n\n\n\n<p>Apesar da rejei\u00e7\u00e3o das alega\u00e7\u00f5es de abuso por parte do DCS, o tribunal manteve a decis\u00e3o de n\u00e3o devolver a crian\u00e7a aos pais.<\/p>\n\n\n\n<p>O Gabinete do Procurador-Geral de Indiana, que defende a DCS neste caso, pediu mais tempo (at\u00e9 fevereiro) para responder \u00e0 peti\u00e7\u00e3o dos pais.<\/p>\n\n\n\n<p>\u201cEstamos falando sobre este caso agora, porque os direitos dos pais precisam ser protegidos em Indiana. Nossa fam\u00edlia nunca deveria ter passado por isso e n\u00e3o queremos que nenhuma outra fam\u00edlia em Indiana passe por isso\u201d, disse Mary.<\/p>\n\n\n\n<p>\u201cOs direitos dos pais deveriam ser protegidos tanto pela lei, quanto pela cultura\u201d, concluiu o pai.<\/p>\n\n\n\n<p>Segundo o The Christian Post, o resultado deste caso poder\u00e1 ter implica\u00e7\u00f5es para os direitos dos pais nos EUA. A Suprema Corte dever\u00e1 decidir at\u00e9 abril se aceitar\u00e1 o caso.&nbsp;<\/p>\n\n\n\n<p>A IFI, afirmou: \u201cO direito e a responsabilidade dos pais \u2013 e n\u00e3o do Estado \u2013 de criar os seus filhos de acordo com as suas cren\u00e7as \u00e9 um princ\u00edpio b\u00edblico e pr\u00e9-pol\u00edtico que deve ser protegido na lei de Indiana\u201d.<\/p>\n\n\n\n<p>E citaram o texto b\u00edblico em Ef\u00e9sios 6:4: \u201cPais, n\u00e3o provoquem a ira de seus filhos, mas criem-nos na disciplina e na instru\u00e7\u00e3o do Senhor\u201d.<\/p>\n","protected":false},"excerpt":{"rendered":"<p>Os pais Mary e Jeremy Cox, de Indiana, Estados Unidos, perderam a guarda do filho ap\u00f3s se recusarem a usar pronome feminino para se referir ao menor, que se identifica como menina. \u201cComo um pai, eu acredito que um dos meus principais objetivos \u00e9 manter meus filhos seguros e n\u00e3o posso fazer isso quando o [&hellip;]<\/p>\n","protected":false},"author":2,"featured_media":18262,"comment_status":"open","ping_status":"open","sticky":false,"template":"","format":"standard","meta":[],"categories":[11,12,16],"tags":[],"_links":{"self":[{"href":"https:\/\/dgospel.com.br\/portal\/index.php\/wp-json\/wp\/v2\/posts\/18261"}],"collection":[{"href":"https:\/\/dgospel.com.br\/portal\/index.php\/wp-json\/wp\/v2\/posts"}],"about":[{"href":"https:\/\/dgospel.com.br\/portal\/index.php\/wp-json\/wp\/v2\/types\/post"}],"author":[{"embeddable":true,"href":"https:\/\/dgospel.com.br\/portal\/index.php\/wp-json\/wp\/v2\/users\/2"}],"replies":[{"embeddable":true,"href":"https:\/\/dgospel.com.br\/portal\/index.php\/wp-json\/wp\/v2\/comments?post=18261"}],"version-history":[{"count":1,"href":"https:\/\/dgospel.com.br\/portal\/index.php\/wp-json\/wp\/v2\/posts\/18261\/revisions"}],"predecessor-version":[{"id":18263,"href":"https:\/\/dgospel.com.br\/portal\/index.php\/wp-json\/wp\/v2\/posts\/18261\/revisions\/18263"}],"wp:featuredmedia":[{"embeddable":true,"href":"https:\/\/dgospel.com.br\/portal\/index.php\/wp-json\/wp\/v2\/media\/18262"}],"wp:attachment":[{"href":"https:\/\/dgospel.com.br\/portal\/index.php\/wp-json\/wp\/v2\/media?parent=18261"}],"wp:term":[{"taxonomy":"category","embeddable":true,"href":"https:\/\/dgospel.com.br\/portal\/index.php\/wp-json\/wp\/v2\/categories?post=18261"},{"taxonomy":"post_tag","embeddable":true,"href":"https:\/\/dgospel.com.br\/portal\/index.php\/wp-json\/wp\/v2\/tags?post=18261"}],"curies":[{"name":"wp","href":"https:\/\/api.w.org\/{rel}","templated":true}]}}