{"id":1827,"date":"2018-11-12T17:52:52","date_gmt":"2018-11-12T19:52:52","guid":{"rendered":"http:\/\/dgospel.com.br\/portal\/?p=1827"},"modified":"2018-11-12T17:52:52","modified_gmt":"2018-11-12T19:52:52","slug":"jovens-evangelizam-com-musica-na-porta-do-enem","status":"publish","type":"post","link":"https:\/\/dgospel.com.br\/portal\/index.php\/2018\/11\/12\/jovens-evangelizam-com-musica-na-porta-do-enem\/","title":{"rendered":"Jovens evangelizam com m\u00fasica na porta do Enem"},"content":{"rendered":"<p>No \u00faltimo domingo (11), muitos se levantaram bem cedo da cama para participar da segunda fase de provas do Enem. Mas um grupo de jovens de Fortaleza decidiu acordar cedo, mesmo sem estarem inscritos no Exame Nacional do Ensino M\u00e9dio. Eles queriam levar uma palavra de apoio aos estudantes e tamb\u00e9m anunciar as boas novas em um dos locais de provas.<\/p>\n<p>O grupo de jovens da Igreja Comunidade das Na\u00e7\u00f5es se posicionou \u00e0 entrada da Universidade de Fortaleza (Unifor) para receber os participantes do Enem ao som de muitos louvores e com bastante anima\u00e7\u00e3o.<\/p>\n<p>Bem dispostos, os jovens cantavam ao som de dois viol\u00f5es e um cajon (percuss\u00e3o) para receber os estudantes que chegavam ao local de prova.<\/p>\n<p>Ao som de m\u00fasicas gospel, como as dos cantores Kleber Lucas e Renato Mimessi, os jovens evang\u00e9licos explicaram que o objetivo ali era bem claro.<\/p>\n<p>&#8220;Viemos trazer uma palavra de \u00e2nimo, boas novas, de boa sorte, de bom desempenho para eles est\u00e3o definindo o futuro deles aqui&#8221;, declarou Wesley, um dos organizadores do grupo. &#8220;Viemos trazer uma palavra de alegria&#8221;.<\/p>\n<p><iframe loading=\"lazy\" title=\"Jovens evangelizam participantes do Enem, em Fortaleza\" width=\"630\" height=\"354\" src=\"https:\/\/www.youtube.com\/embed\/VVYCHfmZEVk?feature=oembed\" frameborder=\"0\" allow=\"accelerometer; autoplay; encrypted-media; gyroscope; picture-in-picture\" allowfullscreen><\/iframe><\/p>\n<p><strong>Fonte: Guia-me \/ com informa\u00e7\u00f5es Di\u00e1rio do Nordeste<\/strong><\/p>\n","protected":false},"excerpt":{"rendered":"<p>No \u00faltimo domingo (11), muitos se levantaram bem cedo da cama para participar da segunda fase de provas do Enem. Mas um grupo de jovens de Fortaleza decidiu acordar cedo, mesmo sem estarem inscritos no Exame Nacional do Ensino M\u00e9dio. Eles queriam levar uma palavra de apoio aos estudantes e tamb\u00e9m anunciar as boas novas [&hellip;]<\/p>\n","protected":false},"author":2,"featured_media":1828,"comment_status":"open","ping_status":"open","sticky":false,"template":"","format":"standard","meta":[],"categories":[2,5],"tags":[],"_links":{"self":[{"href":"https:\/\/dgospel.com.br\/portal\/index.php\/wp-json\/wp\/v2\/posts\/1827"}],"collection":[{"href":"https:\/\/dgospel.com.br\/portal\/index.php\/wp-json\/wp\/v2\/posts"}],"about":[{"href":"https:\/\/dgospel.com.br\/portal\/index.php\/wp-json\/wp\/v2\/types\/post"}],"author":[{"embeddable":true,"href":"https:\/\/dgospel.com.br\/portal\/index.php\/wp-json\/wp\/v2\/users\/2"}],"replies":[{"embeddable":true,"href":"https:\/\/dgospel.com.br\/portal\/index.php\/wp-json\/wp\/v2\/comments?post=1827"}],"version-history":[{"count":1,"href":"https:\/\/dgospel.com.br\/portal\/index.php\/wp-json\/wp\/v2\/posts\/1827\/revisions"}],"predecessor-version":[{"id":1829,"href":"https:\/\/dgospel.com.br\/portal\/index.php\/wp-json\/wp\/v2\/posts\/1827\/revisions\/1829"}],"wp:featuredmedia":[{"embeddable":true,"href":"https:\/\/dgospel.com.br\/portal\/index.php\/wp-json\/wp\/v2\/media\/1828"}],"wp:attachment":[{"href":"https:\/\/dgospel.com.br\/portal\/index.php\/wp-json\/wp\/v2\/media?parent=1827"}],"wp:term":[{"taxonomy":"category","embeddable":true,"href":"https:\/\/dgospel.com.br\/portal\/index.php\/wp-json\/wp\/v2\/categories?post=1827"},{"taxonomy":"post_tag","embeddable":true,"href":"https:\/\/dgospel.com.br\/portal\/index.php\/wp-json\/wp\/v2\/tags?post=1827"}],"curies":[{"name":"wp","href":"https:\/\/api.w.org\/{rel}","templated":true}]}}