{"id":18288,"date":"2024-01-25T12:44:28","date_gmt":"2024-01-25T15:44:28","guid":{"rendered":"https:\/\/dgospel.com.br\/portal\/?p=18288"},"modified":"2024-01-25T12:44:30","modified_gmt":"2024-01-25T15:44:30","slug":"governo-do-tocantins-disponibiliza-testes-rt-qpcr-para-a-covid-19-e-outros-virus-respiratorios","status":"publish","type":"post","link":"https:\/\/dgospel.com.br\/portal\/index.php\/2024\/01\/25\/governo-do-tocantins-disponibiliza-testes-rt-qpcr-para-a-covid-19-e-outros-virus-respiratorios\/","title":{"rendered":"Governo do Tocantins disponibiliza testes RT-qPCR para a covid-19 e outros v\u00edrus respirat\u00f3rios"},"content":{"rendered":"\n<p>Para manter as estrat\u00e9gias de preven\u00e7\u00e3o e controle das doen\u00e7as sazonais, durante o per\u00edodo de circula\u00e7\u00e3o dos v\u00edrus respirat\u00f3rios, Secretaria de Estado da Sa\u00fade (SES-TO) informa, aos gestores dos 139 munic\u00edpios tocantinenses, que continua disponibilizando pelo Laborat\u00f3rio Central de Sa\u00fade P\u00fablica do Tocantins (Lacen-TO), os testes r\u00e1pidos moleculares (RT-qPCR) para a detec\u00e7\u00e3o do v\u00edrus SARS-CoV-2, padr\u00e3o ouro para o diagn\u00f3stico laboratorial da covid-19 e de outros v\u00edrus respirat\u00f3rios.<\/p>\n\n\n\n<p>O informe vem como uma orienta\u00e7\u00e3o para o controle das doen\u00e7as no Estado, que registrou no per\u00edodo de 1\u00b0 a 20 de janeiro de 2024, 1.305 casos confirmados da covid-19 no Tocantins, sendo a varia\u00e7\u00e3o de casos dividida em: M\u00e9dio norte Araguaia: 439 casos; Capim-Dourado: 425 casos; Amor Perfeito: 117 confirma\u00e7\u00f5es; Bico do Papagaio: 113 casos; Cerrado Tocantins Araguaia: 86; Ilha do Bananal: 48; Cant\u00e3o: 42; e Sudeste: 8 casos.<\/p>\n\n\n\n<p>Sobre a influenza, em 2023, o Tocantins registrou 1.090 casos da doen\u00e7a, sendo 831 por influenza B e 259 por influenza A, bem como um \u00f3bito. Neste ano, at\u00e9 o momento, houve a notifica\u00e7\u00e3o para um caso da Influenza A.<\/p>\n\n\n\n<p>Para a diretora do Lacen-TO, Jucim\u00e1ria Dantas, \u201ca ades\u00e3o \u00e0 estrat\u00e9gia de realiza\u00e7\u00e3o dos testes de RT-PCR pelo Lacen-TO, possibilita que a Secretaria de Estado da Sa\u00fade monitore a positividade, a identifica\u00e7\u00e3o e a dispers\u00e3o de variantes, identificando inclusive a exist\u00eancia de outros v\u00edrus respirat\u00f3rios em circula\u00e7\u00e3o nos munic\u00edpios e em todo o Tocantins\u201d.<\/p>\n\n\n\n<p>&nbsp;<strong>Solicita\u00e7\u00e3o e Resultados<\/strong><\/p>\n\n\n\n<p>Os gestores interessados podem solicitar os quantitativos por meio do formul\u00e1rio de requisi\u00e7\u00e3o de kits, dispon\u00edvel no&nbsp;<a href=\"https:\/\/central.to.gov.br\/download\/347373\">https:\/\/central.to.gov.br\/download\/347373<\/a>&nbsp;e as retiradas ser\u00e3o realizadas nas unidades do Lacen-TO em Palmas e Aragua\u00edna.<\/p>\n\n\n\n<p>A coleta do teste deve ser realizada conforme as orienta\u00e7\u00f5es por&nbsp;<em>swab<\/em>&nbsp;para v\u00edrus respirat\u00f3rios, sendo as amostras encaminhadas para o Lacen-TO, na unidade mais pr\u00f3xima ao munic\u00edpio (Palmas ou Aragua\u00edna).<\/p>\n\n\n\n<p>Ao chegar \u00e0s unidades da SES-TO, o teste \u00e9 realizado em at\u00e9 72 horas e os resultados s\u00e3o disponibilizados via sistema GAL, para acesso pela unidade de sa\u00fade e retorno ao paciente.<\/p>\n\n\n\n<p><strong>Quem deve fazer o teste<\/strong><\/p>\n\n\n\n<p>O Minist\u00e9rio da Sa\u00fade orienta que os testes sejam feitos em pessoas que apresentem quadro respirat\u00f3rio agudo, caracterizado pela presen\u00e7a de pelo menos tr\u00eas dos seguintes sintomas: sensa\u00e7\u00e3o febril ou febre, tosse, dor de garganta, coriza ou dificuldade respirat\u00f3ria.<\/p>\n\n\n\n<p>Caso o paciente apresente os sintomas, o profissional de sa\u00fade deve notificar imediatamente a suspeita, fazer a coleta da amostra e encaminhar ao Laborat\u00f3rio Central, para que este fa\u00e7a a an\u00e1lise por meio do exame RT-qPCR, que diagnostica tanto a covid-19, quanto a influenza (A ou B) e a presen\u00e7a de V\u00edrus Sincicial Respirat\u00f3rio (VSR), Adenov\u00edrus ou Rinov\u00edrus.<\/p>\n\n\n\n<p><strong>Orienta\u00e7\u00f5es para o per\u00edodo de s\u00edndromes gripais<\/strong><\/p>\n\n\n\n<p>A principal medida de preven\u00e7\u00e3o contra a covid-19 e a influenza continua sendo a vacina, que est\u00e1 dispon\u00edvel para toda a popula\u00e7\u00e3o acima de seis meses de idade. Recomenda-se que a popula\u00e7\u00e3o mantenha o calend\u00e1rio vacinal atualizado, inclusive com as doses de refor\u00e7o, preferencialmente com a vacina Bivalente quando recomendado.<\/p>\n\n\n\n<p>Outras medidas que podem ser adotadas s\u00e3o: etiqueta respirat\u00f3ria; higieniza\u00e7\u00e3o das m\u00e3os com \u00e1lcool 70% ou \u00e1gua e sab\u00e3o; ventila\u00e7\u00e3o, limpeza e desinfec\u00e7\u00e3o de ambientes; isolamento dos casos confirmados de covid-19 e uso de m\u00e1scaras.<\/p>\n","protected":false},"excerpt":{"rendered":"<p>Para manter as estrat\u00e9gias de preven\u00e7\u00e3o e controle das doen\u00e7as sazonais, durante o per\u00edodo de circula\u00e7\u00e3o dos v\u00edrus respirat\u00f3rios, Secretaria de Estado da Sa\u00fade (SES-TO) informa, aos gestores dos 139 munic\u00edpios tocantinenses, que continua disponibilizando pelo Laborat\u00f3rio Central de Sa\u00fade P\u00fablica do Tocantins (Lacen-TO), os testes r\u00e1pidos moleculares (RT-qPCR) para a detec\u00e7\u00e3o do v\u00edrus SARS-CoV-2, [&hellip;]<\/p>\n","protected":false},"author":2,"featured_media":18289,"comment_status":"open","ping_status":"open","sticky":false,"template":"","format":"standard","meta":[],"categories":[3],"tags":[13],"_links":{"self":[{"href":"https:\/\/dgospel.com.br\/portal\/index.php\/wp-json\/wp\/v2\/posts\/18288"}],"collection":[{"href":"https:\/\/dgospel.com.br\/portal\/index.php\/wp-json\/wp\/v2\/posts"}],"about":[{"href":"https:\/\/dgospel.com.br\/portal\/index.php\/wp-json\/wp\/v2\/types\/post"}],"author":[{"embeddable":true,"href":"https:\/\/dgospel.com.br\/portal\/index.php\/wp-json\/wp\/v2\/users\/2"}],"replies":[{"embeddable":true,"href":"https:\/\/dgospel.com.br\/portal\/index.php\/wp-json\/wp\/v2\/comments?post=18288"}],"version-history":[{"count":1,"href":"https:\/\/dgospel.com.br\/portal\/index.php\/wp-json\/wp\/v2\/posts\/18288\/revisions"}],"predecessor-version":[{"id":18290,"href":"https:\/\/dgospel.com.br\/portal\/index.php\/wp-json\/wp\/v2\/posts\/18288\/revisions\/18290"}],"wp:featuredmedia":[{"embeddable":true,"href":"https:\/\/dgospel.com.br\/portal\/index.php\/wp-json\/wp\/v2\/media\/18289"}],"wp:attachment":[{"href":"https:\/\/dgospel.com.br\/portal\/index.php\/wp-json\/wp\/v2\/media?parent=18288"}],"wp:term":[{"taxonomy":"category","embeddable":true,"href":"https:\/\/dgospel.com.br\/portal\/index.php\/wp-json\/wp\/v2\/categories?post=18288"},{"taxonomy":"post_tag","embeddable":true,"href":"https:\/\/dgospel.com.br\/portal\/index.php\/wp-json\/wp\/v2\/tags?post=18288"}],"curies":[{"name":"wp","href":"https:\/\/api.w.org\/{rel}","templated":true}]}}