{"id":18297,"date":"2024-01-26T08:54:50","date_gmt":"2024-01-26T11:54:50","guid":{"rendered":"https:\/\/dgospel.com.br\/portal\/?p=18297"},"modified":"2024-01-26T08:54:51","modified_gmt":"2024-01-26T11:54:51","slug":"pf-diz-que-direcao-da-abin-sob-lula-interferiu-em-investigacoes","status":"publish","type":"post","link":"https:\/\/dgospel.com.br\/portal\/index.php\/2024\/01\/26\/pf-diz-que-direcao-da-abin-sob-lula-interferiu-em-investigacoes\/","title":{"rendered":"PF diz que dire\u00e7\u00e3o da Abin sob Lula interferiu em investiga\u00e7\u00f5es"},"content":{"rendered":"\n<p>A Pol\u00edcia Federal (PF) informou que, mesmo ap\u00f3s a posse do presidente Luiz In\u00e1cio Lula da Silva (PT), integrantes da dire\u00e7\u00e3o da Abin (Ag\u00eancia Brasileira de Intelig\u00eancia) tentaram interferir nas apura\u00e7\u00f5es sobre o suposto uso ilegal do \u00f3rg\u00e3o para espionagem.<\/p>\n\n\n\n<p>Segundo informa\u00e7\u00f5es da Folha de S.Paulo, a informa\u00e7\u00e3o consta no pedido encaminhado ao ministro do Supremo, Alexandre de Moraes, para deflagrar a opera\u00e7\u00e3o, batizada de Vigil\u00e2ncia Aproximada.<\/p>\n\n\n\n<p>O texto afirma que h\u00e1 ind\u00edcios de que houve um \u201cconluio de parte dos investigados com a atual alta gest\u00e3o da Abin\u201d e que tais a\u00e7\u00f5es \u201cinterferiram no bom andamento da investiga\u00e7\u00e3o\u201d.<\/p>\n\n\n\n<p>O documento ainda menciona Alessandro Moretti, que atualmente \u00e9 o segundo no comando do \u00f3rg\u00e3o e foi diretor de Intelig\u00eancia da PF. Moretti teria dito a investigados que a apura\u00e7\u00e3o tinha \u201cfundo pol\u00edtico\u201d e que \u201ciria passar\u201d. O texto afirma que essa n\u00e3o \u00e9 a postura que se espera de um delegado.<\/p>\n","protected":false},"excerpt":{"rendered":"<p>A Pol\u00edcia Federal (PF) informou que, mesmo ap\u00f3s a posse do presidente Luiz In\u00e1cio Lula da Silva (PT), integrantes da dire\u00e7\u00e3o da Abin (Ag\u00eancia Brasileira de Intelig\u00eancia) tentaram interferir nas apura\u00e7\u00f5es sobre o suposto uso ilegal do \u00f3rg\u00e3o para espionagem. Segundo informa\u00e7\u00f5es da Folha de S.Paulo, a informa\u00e7\u00e3o consta no pedido encaminhado ao ministro do [&hellip;]<\/p>\n","protected":false},"author":2,"featured_media":18298,"comment_status":"open","ping_status":"open","sticky":false,"template":"","format":"standard","meta":[],"categories":[4],"tags":[],"_links":{"self":[{"href":"https:\/\/dgospel.com.br\/portal\/index.php\/wp-json\/wp\/v2\/posts\/18297"}],"collection":[{"href":"https:\/\/dgospel.com.br\/portal\/index.php\/wp-json\/wp\/v2\/posts"}],"about":[{"href":"https:\/\/dgospel.com.br\/portal\/index.php\/wp-json\/wp\/v2\/types\/post"}],"author":[{"embeddable":true,"href":"https:\/\/dgospel.com.br\/portal\/index.php\/wp-json\/wp\/v2\/users\/2"}],"replies":[{"embeddable":true,"href":"https:\/\/dgospel.com.br\/portal\/index.php\/wp-json\/wp\/v2\/comments?post=18297"}],"version-history":[{"count":1,"href":"https:\/\/dgospel.com.br\/portal\/index.php\/wp-json\/wp\/v2\/posts\/18297\/revisions"}],"predecessor-version":[{"id":18299,"href":"https:\/\/dgospel.com.br\/portal\/index.php\/wp-json\/wp\/v2\/posts\/18297\/revisions\/18299"}],"wp:featuredmedia":[{"embeddable":true,"href":"https:\/\/dgospel.com.br\/portal\/index.php\/wp-json\/wp\/v2\/media\/18298"}],"wp:attachment":[{"href":"https:\/\/dgospel.com.br\/portal\/index.php\/wp-json\/wp\/v2\/media?parent=18297"}],"wp:term":[{"taxonomy":"category","embeddable":true,"href":"https:\/\/dgospel.com.br\/portal\/index.php\/wp-json\/wp\/v2\/categories?post=18297"},{"taxonomy":"post_tag","embeddable":true,"href":"https:\/\/dgospel.com.br\/portal\/index.php\/wp-json\/wp\/v2\/tags?post=18297"}],"curies":[{"name":"wp","href":"https:\/\/api.w.org\/{rel}","templated":true}]}}