{"id":18300,"date":"2024-01-26T08:57:37","date_gmt":"2024-01-26T11:57:37","guid":{"rendered":"https:\/\/dgospel.com.br\/portal\/?p=18300"},"modified":"2024-01-26T08:57:39","modified_gmt":"2024-01-26T11:57:39","slug":"delegado-suspeito-de-espionagem-ganhou-cargo-no-governo-lula","status":"publish","type":"post","link":"https:\/\/dgospel.com.br\/portal\/index.php\/2024\/01\/26\/delegado-suspeito-de-espionagem-ganhou-cargo-no-governo-lula\/","title":{"rendered":"Delegado suspeito de espionagem ganhou cargo no governo Lula"},"content":{"rendered":"\n<p>O delegado da Pol\u00edcia Federal Carlos Afonso Gon\u00e7alves Gomes Coelho, um dos alvos da investiga\u00e7\u00e3o da&nbsp;<a href=\"http:\/\/pleno.news\/tag\/policia-federal\" target=\"_blank\" rel=\"noreferrer noopener\">Pol\u00edcia Federal<\/a>&nbsp;(PF) sobre o suposto esquema de espionagem ilegal na Ag\u00eancia Brasileira de Intelig\u00eancia (Abin), recebeu um cargo de confian\u00e7a no governo Lula no ano passado. A informa\u00e7\u00e3o foi publicada pela coluna de Igor Gadelha, do site Metr\u00f3poles.<\/p>\n\n\n\n<p>Gomes Coelho foi um dos policiais federais afastado das fun\u00e7\u00f5es na corpora\u00e7\u00e3o nesta quinta-feira (25), por ordem do ministro\u00a0<a rel=\"noreferrer noopener\" href=\"http:\/\/pleno.news\/tag\/alexandre-de-moraes\" target=\"_blank\">Alexandre de Moraes<\/a>, do Supremo Tribunal Federal (STF), em raz\u00e3o de ser um dos alvos da opera\u00e7\u00e3o sobre o suposto esquema na Abin.<\/p>\n\n\n\n<p>At\u00e9 abril de 2022, o delegado foi secret\u00e1rio de Planejamento e Gest\u00e3o na ag\u00eancia de intelig\u00eancia. Ap\u00f3s esse per\u00edodo, ele foi exonerado e enviado pela PF para Washington, nos Estados Unidos, para realizar um curso. Apesar de a previs\u00e3o inicial indicar que ele ficaria na capital americana at\u00e9 julho de 2024, a dire\u00e7\u00e3o da PF, sob Lula, antecipou a volta dele ao Brasil para julho do ano passado.<\/p>\n\n\n\n<p>Em outubro do ano passado, apenas tr\u00eas meses ap\u00f3s retornar ao pa\u00eds, Gomes Coelho foi designado para assumir o cargo de coordenador do Comando de Avia\u00e7\u00e3o Operacional da Pol\u00edcia Federal, um cargo de confian\u00e7a dentro da corpora\u00e7\u00e3o. A determina\u00e7\u00e3o foi assinada pelo secret\u00e1rio-executivo do Minist\u00e9rio da Justi\u00e7a, Ricardo Cappelli, no dia 16 de outubro.<\/p>\n\n\n\n<p>Na apura\u00e7\u00e3o da PF, o delegado \u00e9 acusado de ser um dos integrantes do \u201cn\u00facleo de alta gest\u00e3o\u201d da organiza\u00e7\u00e3o que teria se instalado na Abin para monitorar de forma ilegal autoridades p\u00fablicas e outras pessoas.<\/p>\n","protected":false},"excerpt":{"rendered":"<p>O delegado da Pol\u00edcia Federal Carlos Afonso Gon\u00e7alves Gomes Coelho, um dos alvos da investiga\u00e7\u00e3o da&nbsp;Pol\u00edcia Federal&nbsp;(PF) sobre o suposto esquema de espionagem ilegal na Ag\u00eancia Brasileira de Intelig\u00eancia (Abin), recebeu um cargo de confian\u00e7a no governo Lula no ano passado. A informa\u00e7\u00e3o foi publicada pela coluna de Igor Gadelha, do site Metr\u00f3poles. Gomes Coelho [&hellip;]<\/p>\n","protected":false},"author":2,"featured_media":18301,"comment_status":"open","ping_status":"open","sticky":false,"template":"","format":"standard","meta":[],"categories":[10],"tags":[],"_links":{"self":[{"href":"https:\/\/dgospel.com.br\/portal\/index.php\/wp-json\/wp\/v2\/posts\/18300"}],"collection":[{"href":"https:\/\/dgospel.com.br\/portal\/index.php\/wp-json\/wp\/v2\/posts"}],"about":[{"href":"https:\/\/dgospel.com.br\/portal\/index.php\/wp-json\/wp\/v2\/types\/post"}],"author":[{"embeddable":true,"href":"https:\/\/dgospel.com.br\/portal\/index.php\/wp-json\/wp\/v2\/users\/2"}],"replies":[{"embeddable":true,"href":"https:\/\/dgospel.com.br\/portal\/index.php\/wp-json\/wp\/v2\/comments?post=18300"}],"version-history":[{"count":1,"href":"https:\/\/dgospel.com.br\/portal\/index.php\/wp-json\/wp\/v2\/posts\/18300\/revisions"}],"predecessor-version":[{"id":18302,"href":"https:\/\/dgospel.com.br\/portal\/index.php\/wp-json\/wp\/v2\/posts\/18300\/revisions\/18302"}],"wp:featuredmedia":[{"embeddable":true,"href":"https:\/\/dgospel.com.br\/portal\/index.php\/wp-json\/wp\/v2\/media\/18301"}],"wp:attachment":[{"href":"https:\/\/dgospel.com.br\/portal\/index.php\/wp-json\/wp\/v2\/media?parent=18300"}],"wp:term":[{"taxonomy":"category","embeddable":true,"href":"https:\/\/dgospel.com.br\/portal\/index.php\/wp-json\/wp\/v2\/categories?post=18300"},{"taxonomy":"post_tag","embeddable":true,"href":"https:\/\/dgospel.com.br\/portal\/index.php\/wp-json\/wp\/v2\/tags?post=18300"}],"curies":[{"name":"wp","href":"https:\/\/api.w.org\/{rel}","templated":true}]}}