{"id":18303,"date":"2024-01-26T09:06:29","date_gmt":"2024-01-26T12:06:29","guid":{"rendered":"https:\/\/dgospel.com.br\/portal\/?p=18303"},"modified":"2024-01-26T09:06:30","modified_gmt":"2024-01-26T12:06:30","slug":"filha-de-pastores-sobrevive-a-sindrome-rara-e-diz-deus-tem-um-proposito-na-minha-vida","status":"publish","type":"post","link":"https:\/\/dgospel.com.br\/portal\/index.php\/2024\/01\/26\/filha-de-pastores-sobrevive-a-sindrome-rara-e-diz-deus-tem-um-proposito-na-minha-vida\/","title":{"rendered":"Filha de pastores sobrevive a s\u00edndrome rara e diz: \u201cDeus tem um prop\u00f3sito na minha vida\u201d"},"content":{"rendered":"\n<p>Raquel Soares Folly passou 34 dias internada e quase perdeu a vida ap\u00f3s ser diagnosticada com&nbsp;<a href=\"https:\/\/guiame.com.br\/gospel\/testemunhos\/fomos-carregados-pelas-oracoes-diz-mae-de-bebe-que-sobreviveu-doenca-rara-e-grave.html\"><strong>s\u00edndrome<\/strong><\/a>&nbsp;de Steven Johnson, em dezembro de 2023. Hoje, ela est\u00e1 curada e desfruta da bondade de Deus.<\/p>\n\n\n\n<p>A jovem, de 26 anos, mora em Maca\u00e9, no Rio de Janeiro. No dia 16 de novembro, Raquel se sentiu mal no trabalho e percebeu manchas vermelhas pelo corpo.<\/p>\n\n\n\n<p>No dia seguinte, seu rosto estava inchado e as manchas pioraram. Seus pais, Marcos Ant\u00f4nio Folly e Simone Soares da Silva Folly \u2014 pastores da Igreja Sara Nossa Terra da regi\u00e3o \u2014 a acompanharam at\u00e9 uma Unidade de Pronto Atendimento (UPA).&nbsp;<\/p>\n\n\n\n<p>L\u00e1, os m\u00e9dicos desconfiaram de uma doen\u00e7a chamada \u201cSteven Johnson\u201d. Dois dias depois, come\u00e7aram a aparecer bolhas no corpo de Raquel e ela foi levada para o \u201cHospital P\u00fablico Municipal Dr. Fernando Pereira da Silva\u201d (HPM), de Maca\u00e9.&nbsp;<\/p>\n\n\n\n<p>A partir deste momento, o quadro da jovem piorou. Ela tinha feridas por todo o corpo, que tamb\u00e9m eram internas.<\/p>\n\n\n\n<p>Como ela n\u00e3o conseguia falar e se alimentar, os m\u00e9dicos lhe colocaram uma sonda. No entanto, Raquel come\u00e7ou a vomitar sangue porque as bolhas internas estavam estourando.<\/p>\n\n\n\n<p>Depois de quase sufocar em duas ocasi\u00f5es, os m\u00e9dicos decidiram entub\u00e1-la para liberar as vias a\u00e9reas e ela foi transferida para o CTI.<\/p>\n\n\n\n<p><img src=\"https:\/\/thumbor.guiame.com.br\/unsafe\/smart\/https:\/\/media.guiame.com.br\/archives\/2024\/01\/25\/363411209-.jpeg\" alt=\"\" width=\"400\"><br><sup>Raquel Soares Folly. (Foto: Arquivo pessoal concedido ao Guiame)<\/sup><\/p>\n\n\n\n<p>Em entrevista ao&nbsp;<strong>Guiame<\/strong>, Raquel disse: \u201cFiquei assustada. Eu n\u00e3o podia falar e tentava me comunicar com gestos, \u00e0s vezes era dif\u00edcil as pessoas entenderem\u201d.<\/p>\n\n\n\n<p>Segundo a m\u00e3e, Raquel contraiu a alergia ap\u00f3s fazer uso de uma medica\u00e7\u00e3o para TDAH, durante 23 dias.<\/p>\n\n\n\n<p>\u201cDurante estes dias, essa foi a \u00fanica coisa nova que entrou em sua vida. E geralmente, esta alergia \u00e9 causada por medica\u00e7\u00e3o\u201d, explicou Simone.<\/p>\n\n\n\n<p>E continuou: \u201c\u00c0 princ\u00edpio, eu e meu esposo n\u00e3o sab\u00edamos o que era. Procuramos na Internet e vimos que eram erup\u00e7\u00f5es na pele. Ver na Internet \u00e9 uma coisa, olhar minha filha daquela forma me fez chorar. Mas, sequei as l\u00e1grimas para dar for\u00e7as a ela. O m\u00e9dico de plant\u00e3o me disse: \u2018\u00c9 grave e pode piorar\u2019\u201d.<\/p>\n\n\n\n<p><strong>Corrente de ora\u00e7\u00e3o&nbsp;<\/strong><\/p>\n\n\n\n<p>Enquanto a filha estava na enfermaria, Simone mobilizou a igreja para interceder por ela:<\/p>\n\n\n\n<p>\u201cQuando o m\u00e9dico disse que era grave e poderia piorar, eu e meu esposo recebemos a dire\u00e7\u00e3o de Deus de fazer uma corrente de ora\u00e7\u00e3o. Compartilhamos a situa\u00e7\u00e3o de Raquel e pedimos ora\u00e7\u00f5es por ela. Todos os dias, enviamos not\u00edcias da Raquel especificando qual a necessidade de ora\u00e7\u00e3o daquele dia\u201d.&nbsp;<\/p>\n\n\n\n<p>\u201cDiariamente, mesmo ela estando sedada, or\u00e1vamos e cant\u00e1vamos louvores. A nossa igreja fez dois momentos de&nbsp;<a href=\"https:\/\/guiame.com.br\/gospel\/testemunhos\/foi-o-comeco-do-meu-proposito-com-deus-diz-crista-curada-de-cancer-no-cerebro.html\"><strong>ora\u00e7\u00e3o<\/strong><\/a>&nbsp;no hospital onde recebemos pessoas de outras denomina\u00e7\u00f5es\u201d, acrescentou.&nbsp;<\/p>\n\n\n\n<p><img src=\"https:\/\/thumbor.guiame.com.br\/unsafe\/smart\/https:\/\/media.guiame.com.br\/archives\/2024\/01\/25\/1870456412-.jpeg\" alt=\"\" width=\"600\"><br><sup>Crist\u00e3os orando no hospital. (Foto: Arquivo pessoal concedido ao Guiame)<\/sup><\/p>\n\n\n\n<p>Os m\u00e9dicos informaram que eles estavam fazendo tudo que era poss\u00edvel. Raquel ficou entubada at\u00e9 o dia 23 de novembro e no dia seguinte, come\u00e7ou o processo de \u201ctroca de pele\u201d:&nbsp;<\/p>\n\n\n\n<p>\u201cAs les\u00f5es s\u00e3o como uma queimadura de segundo grau por todo corpo. Foi feito um tratamento a laser e uma dentista tamb\u00e9m fazia o tratamento a laser por toda parte bucal\u201d, relatou a m\u00e3e.<\/p>\n\n\n\n<p>No dia 2 de dezembro, as feridas come\u00e7aram a cicatrizar. Segundo a equipe m\u00e9dica, o processo de cicatriza\u00e7\u00e3o foi r\u00e1pido. \u201cFoi surpreendente. Milagre, \u00e9 o que ouv\u00edamos\u201d, disse Simone.<\/p>\n\n\n\n<p><strong>Complica\u00e7\u00f5es no hospital&nbsp;<\/strong><\/p>\n\n\n\n<p>Os pais pensaram que o quadro de Raquel estava melhorando. No entanto, ela desenvolveu uma anemia e precisou fazer tr\u00eas transfus\u00f5es de sangue.<\/p>\n\n\n\n<p>No dia 4 de dezembro, quando eles chegaram para visita, encontraram Raquel novamente entubada com pneumonia nos dois pulm\u00f5es.<\/p>\n\n\n\n<p>A jovem passou oito dias entubada at\u00e9 que surpreendeu os m\u00e9dicos \u2014 que mais uma vez afirmaram ter acontecido um milagre \u2014 pois no dia 11, Raquel j\u00e1 estava com os pulm\u00f5es limpos.<\/p>\n\n\n\n<p>A jovem, que aceitou Jesus aos 12 anos, afirmou que apesar das circunst\u00e2ncias, n\u00e3o perdeu a f\u00e9.<\/p>\n\n\n\n<p>\u201cTeve momentos que fiquei triste querendo ir logo para casa e voltar para minha rotina. Mas, mesmo triste, eu confiava em Deus e sabia que no fim iria sair dessa situa\u00e7\u00e3o\u201d, declarou ela.<\/p>\n\n\n\n<p>A equipe m\u00e9dica precisou baixar a imunidade da jovem para que o corpo dela parasse de reagir a alergia. Com isso, Raquel pegou uma bact\u00e9ria no hospital que gerou uma pneumonia.&nbsp;<\/p>\n\n\n\n<p>Depois de superar diversas complica\u00e7\u00f5es e passar 29 dias no CTI, Raquel recebeu alta do hospital no dia 21 de dezembro.<\/p>\n\n\n\n<p><strong>\u201c<\/strong>Foi um momento de alegria pois estava ansiosa para ir para casa e ficar no meio das pessoas que amo. Tenho testemunhado o quanto Deus me ama. Ele tem um prop\u00f3sito na minha vida e eu vou cumprir\u201d, contou Raquel.<\/p>\n\n\n\n<p><img src=\"https:\/\/thumbor.guiame.com.br\/unsafe\/smart\/https:\/\/media.guiame.com.br\/archives\/2024\/01\/25\/3730090978-.jpeg\" alt=\"\" width=\"600\"><br><sup>Raquel Soares Folly. (Foto: Arquivo pessoal concedido ao Guiame)<\/sup><\/p>\n\n\n\n<p><strong>Recupera\u00e7\u00e3o<\/strong>&nbsp;<\/p>\n\n\n\n<p>Hoje, Raquel est\u00e1 fazendo uma s\u00e9rie de tratamentos em casa e continua apresentando melhoras.&nbsp;<\/p>\n\n\n\n<p><strong>\u201c<\/strong>Ainda estou com muitas les\u00f5es na pele, a dermatologista pediu para evitar o toque de pessoas por risco de infec\u00e7\u00e3o na pele, principalmente no rosto, costas e m\u00e3os. Estou com dificuldades para movimentar a m\u00e3o e o bra\u00e7o direito, d\u00f3i muito. Tamb\u00e9m estou fazendo um tratamento na vista esquerda, pois a alergia deu uma conjuntivite\u201d.&nbsp;<\/p>\n\n\n\n<p>E continuou: \u201cFa\u00e7o fisioterapia porque perdi massa muscular e fui encaminhada para cardiologista por estar com o batimento card\u00edaco alto. Por\u00e9m, a cada dia estou me fortalecendo\u201d.<\/p>\n\n\n\n<p>\u201cTer ela hoje conosco \u00e9 maravilhoso porque vimos a resposta de Deus em cada necessidade que colocamos diante dele\u201d, relatou Simone.<\/p>\n\n\n\n<p>A m\u00e3e agradeceu a equipe do hospital onde \u201cviram a m\u00e3o de Deus\u201d, cuidando de sua filha.<\/p>\n\n\n\n<p>\u201cDepois desse milagre, sinto mais o amor do Senhor. N\u00e3o tem como ser a mesma pessoa depois dessa experi\u00eancia. Meu desejo \u00e9 ser cada vez mais um&nbsp;<strong><a href=\"https:\/\/guiame.com.br\/gospel\/missoes-acao-social\/jovem-com-doenca-rara-faz-missoes-pelo-mundo-nada-me-impede-de-pregar-o-evangelho.html\">instrumento nas m\u00e3os de Deus<\/a><\/strong>\u201d, disse Raquel.<\/p>\n\n\n\n<p>A jovem concluiu com uma mensagem para todos que enfrentam dificuldades: \u201cNunca deixem de confiar em Deus independente da situa\u00e7\u00e3o. Ele tem um tempo e uma miss\u00e3o para cada pessoa. E ainda que n\u00e3o conseguimos entender o porqu\u00ea, l\u00e1 na frente eu creio que veremos o prop\u00f3sito\u201d.<\/p>\n","protected":false},"excerpt":{"rendered":"<p>Raquel Soares Folly passou 34 dias internada e quase perdeu a vida ap\u00f3s ser diagnosticada com&nbsp;s\u00edndrome&nbsp;de Steven Johnson, em dezembro de 2023. Hoje, ela est\u00e1 curada e desfruta da bondade de Deus. A jovem, de 26 anos, mora em Maca\u00e9, no Rio de Janeiro. No dia 16 de novembro, Raquel se sentiu mal no trabalho [&hellip;]<\/p>\n","protected":false},"author":2,"featured_media":18304,"comment_status":"open","ping_status":"open","sticky":false,"template":"","format":"standard","meta":[],"categories":[5],"tags":[],"_links":{"self":[{"href":"https:\/\/dgospel.com.br\/portal\/index.php\/wp-json\/wp\/v2\/posts\/18303"}],"collection":[{"href":"https:\/\/dgospel.com.br\/portal\/index.php\/wp-json\/wp\/v2\/posts"}],"about":[{"href":"https:\/\/dgospel.com.br\/portal\/index.php\/wp-json\/wp\/v2\/types\/post"}],"author":[{"embeddable":true,"href":"https:\/\/dgospel.com.br\/portal\/index.php\/wp-json\/wp\/v2\/users\/2"}],"replies":[{"embeddable":true,"href":"https:\/\/dgospel.com.br\/portal\/index.php\/wp-json\/wp\/v2\/comments?post=18303"}],"version-history":[{"count":1,"href":"https:\/\/dgospel.com.br\/portal\/index.php\/wp-json\/wp\/v2\/posts\/18303\/revisions"}],"predecessor-version":[{"id":18305,"href":"https:\/\/dgospel.com.br\/portal\/index.php\/wp-json\/wp\/v2\/posts\/18303\/revisions\/18305"}],"wp:featuredmedia":[{"embeddable":true,"href":"https:\/\/dgospel.com.br\/portal\/index.php\/wp-json\/wp\/v2\/media\/18304"}],"wp:attachment":[{"href":"https:\/\/dgospel.com.br\/portal\/index.php\/wp-json\/wp\/v2\/media?parent=18303"}],"wp:term":[{"taxonomy":"category","embeddable":true,"href":"https:\/\/dgospel.com.br\/portal\/index.php\/wp-json\/wp\/v2\/categories?post=18303"},{"taxonomy":"post_tag","embeddable":true,"href":"https:\/\/dgospel.com.br\/portal\/index.php\/wp-json\/wp\/v2\/tags?post=18303"}],"curies":[{"name":"wp","href":"https:\/\/api.w.org\/{rel}","templated":true}]}}