{"id":18306,"date":"2024-01-26T09:40:02","date_gmt":"2024-01-26T12:40:02","guid":{"rendered":"https:\/\/dgospel.com.br\/portal\/?p=18306"},"modified":"2024-01-26T09:44:09","modified_gmt":"2024-01-26T12:44:09","slug":"forcas-de-seguranca-do-tocantins-elaboram-plano-tatico-integrado-voltado-a-seguranca-da-regiao-amazonica","status":"publish","type":"post","link":"https:\/\/dgospel.com.br\/portal\/index.php\/2024\/01\/26\/forcas-de-seguranca-do-tocantins-elaboram-plano-tatico-integrado-voltado-a-seguranca-da-regiao-amazonica\/","title":{"rendered":"For\u00e7as de Seguran\u00e7a do Tocantins elaboram plano t\u00e1tico integrado voltado \u00e0 seguran\u00e7a da regi\u00e3o Amaz\u00f4nica"},"content":{"rendered":"\n<p>Foi conclu\u00eddo e assinado na manh\u00e3 desta quinta-feira, 25, o Plano T\u00e1tico Integrado de Seguran\u00e7a P\u00fablica para a Amaz\u00f4nia (PTI\/TO), elaborado pelas for\u00e7as de seguran\u00e7a do Tocantins em parceria com a Pol\u00edcia Federal (PF). O PTI faz parte do&nbsp;<em>Plano Amaz\u00f4nia: Seguran\u00e7a e Soberania (Plano Amas)<\/em>&nbsp;do Governo Federal e envolve os nove estados que comp\u00f5em a Amaz\u00f4nia Legal: Acre, Amap\u00e1, Amazonas, Maranh\u00e3o, Mato Grosso, Par\u00e1, Roraima, Rond\u00f4nia e Tocantins.&nbsp;<\/p>\n\n\n\n<p>Os membros das for\u00e7as de seguran\u00e7a do Tocantins estiveram reunidos entre os dias 23 e 25, em Palmas, para a elabora\u00e7\u00e3o do plano t\u00e1tico que se concentra em sete eixos tem\u00e1ticos, mas que tem foco principal na promo\u00e7\u00e3o da preserva\u00e7\u00e3o ambiental, no enfrentamento \u00e0 criminalidade e na prote\u00e7\u00e3o dos direitos humanos e sociais.&nbsp;<\/p>\n\n\n\n<p>O delegado da Pol\u00edcia Federal, Dhiego Job, destacou que o trabalho no Tocantins foi satisfat\u00f3rio e que as a\u00e7\u00f5es do plano t\u00eam in\u00edcio imediato. \u201cO&nbsp;<em>Plano Amas<\/em>&nbsp;tem como eixo principal a diminui\u00e7\u00e3o do desmatamento, mas os crimes ambientais t\u00eam registrado tamb\u00e9m uma s\u00e9rie de crimes conexos, como tr\u00e1fico de drogas, organiza\u00e7\u00e3o de fac\u00e7\u00f5es, crimes violentos, entre outros.&nbsp;Ent\u00e3o n\u00f3s focamos em todos esses crimes, al\u00e9m do eixo de intelig\u00eancia, que tamb\u00e9m far\u00e1 parte desse PTI\u201d, enfatizou.<\/p>\n\n\n\n<p>No Tocantins, o Comit\u00ea Estrat\u00e9gico Estadual ser\u00e1 presidido pela Secretaria de Estado da Seguran\u00e7a P\u00fablica e ter\u00e1 como membros integrantes a pr\u00f3pria Pol\u00edcia Federal, a Pol\u00edcia Civil, a Pol\u00edcia Militar, a Pol\u00edcia Penal, a Pol\u00edcia Rodovi\u00e1ria Federal e o Corpo de Bombeiros.&nbsp;<\/p>\n\n\n\n<p>O secret\u00e1rio de Estado da Seguran\u00e7a P\u00fablica, Wlademir Mota Oliveira, falou sobre mais essa a\u00e7\u00e3o em prol da seguran\u00e7a do estado do Tocantins e da Amaz\u00f4nia. \u201c\u00c9 uma grande responsabilidade, mas \u00e9 tamb\u00e9m uma grande satisfa\u00e7\u00e3o poder estar a frente desse&nbsp;<em>Plano Amas<\/em>&nbsp;no Tocantins, em que a Secretaria atuar\u00e1 como norteadora das a\u00e7\u00f5es no Estado, estando em contato com o Governo Federal, ao fazer a gest\u00e3o dos recursos de maneira respons\u00e1vel e avaliar de perto o cumprimento das metas estabelecidas no PTI\u201d, ressaltou.<\/p>\n\n\n\n<p>O trabalho do Comit\u00ea Estrat\u00e9gico Estadual se concentrar\u00e1, nos pr\u00f3ximos dias, na constru\u00e7\u00e3o do plano operacional.&nbsp;<\/p>\n\n\n\n<p>O chefe do Estado-Maior, coronel da Pol\u00edcia Militar Cl\u00e1udio Thomaz, refor\u00e7ou a atua\u00e7\u00e3o da PM no Plano. \u201cPara a PM, a elabora\u00e7\u00e3o desse plano \u00e9 um orgulho e vem ao encontro daquilo que desejamos para o nosso Tocantins, que \u00e9 termos um meio ambiente mais saud\u00e1vel e seguro\u201d, afirmou.<\/p>\n\n\n\n<p><strong>Redu\u00e7\u00e3o do desmatamento&nbsp;<\/strong><\/p>\n\n\n\n<p>A meta \u00e9 que at\u00e9 o ano de 2026, o desmatamento na regi\u00e3o amaz\u00f4nica seja reduzido a quase zero. Ao longo destes quatro anos de trabalho, est\u00e3o previstas a implementa\u00e7\u00e3o de 28 bases terrestres e seis bases fluviais na regi\u00e3o, totalizando 34 novas bases integradas de seguran\u00e7a.<\/p>\n\n\n\n<p>Uma das for\u00e7as a participar das a\u00e7\u00f5es ser\u00e1 a Pol\u00edcia Rodovi\u00e1ria Federal (PRF). O superintendente da PRF no Tocantins, Alonso Trindade, parabenizou a condu\u00e7\u00e3o dos trabalhos no Estado. \u201cFoi satisfat\u00f3rio observar a condu\u00e7\u00e3o e a constru\u00e7\u00e3o desse plano aqui no Tocantins, a PRF se coloca \u00e0 disposi\u00e7\u00e3o do projeto&nbsp;<em>Amas&nbsp;<\/em>para colaborar no que for preciso\u201d, refor\u00e7ou.<\/p>\n\n\n\n<p>Presente na assinatura, o superintendente da PF do Tocantins, Reginaldo Donizeti, destacou a import\u00e2ncia do plano. \u201cEsse projeto materializa as inten\u00e7\u00f5es do estado do Tocantins na repress\u00e3o aos crimes ambientais e isso \u00e9 muito importante e nos deixa felizes. Com o apoio de todas as for\u00e7as de seguran\u00e7a, poderemos realizar um trabalho de excel\u00eancia e chegar ao resultado esperado, que \u00e9 uma regi\u00e3o amaz\u00f4nica mais segura\u201d, frisou.<\/p>\n\n\n\n<p>O Corpo de Bombeiros Militar do Tocantins (CMBTO) tamb\u00e9m integra o comit\u00ea Estadual, e o comandante-geral do Corpo de Bombeiros, coronel Peterson Ornelas ressaltou a integra\u00e7\u00e3o das for\u00e7as para o sucesso do plano. \u201cEstamos \u00e0 disposi\u00e7\u00e3o para atuar em conjunto com as demais for\u00e7as, em todas as fases, desde a concep\u00e7\u00e3o do plano at\u00e9 a atua\u00e7\u00e3o operacional se necess\u00e1rio, pois, quanto mais integra\u00e7\u00e3o as for\u00e7as de seguran\u00e7a tiverem, maior ser\u00e1 o retorno para a popula\u00e7\u00e3o com uma boa presta\u00e7\u00e3o de servi\u00e7o na \u00e1rea da seguran\u00e7a\u201d, ressaltou.&nbsp;<\/p>\n\n\n\n<p>A Secretaria de Estado da Cidadania e Justi\u00e7a (Seciju), por meio da Pol\u00edcia Penal, tamb\u00e9m integra o comit\u00ea Estadual e o secret\u00e1rio Deusiano Amorim falou da honra em poder atuar tamb\u00e9m na causa ambiental. \u201cA Pol\u00edcia Penal j\u00e1 est\u00e1 integrada com as demais for\u00e7as, em v\u00e1rias a\u00e7\u00f5es que envolvem a seguran\u00e7a no Tocantins. Estamos honrados em fazer parte de mais esse projeto que visa combater todos os tipos de criminalidade na regi\u00e3o Amaz\u00f4nica\u201d, pontuou.<\/p>\n\n\n\n<p>A iniciativa do<em>&nbsp;Plano Amas<\/em>&nbsp;\u00e9 do Minist\u00e9rio da Justi\u00e7a e Seguran\u00e7a P\u00fablica (MJSP), constru\u00edda com a participa\u00e7\u00e3o do Minist\u00e9rio da Defesa e possui investimento de R$ 2 bilh\u00f5es, com recursos do MJSP e do Banco Nacional do Desenvolvimento Econ\u00f4mico e Social (BNDES).<\/p>\n\n\n\n<p><img src=\"https:\/\/central.to.gov.br\/image\/363236?w=670&amp;h=383\"><\/p>\n\n\n\n<p>No Tocantins, o Comit\u00ea Estrat\u00e9gico Estadual ser\u00e1 presidido pela Secretaria de Estado da Seguran\u00e7a P\u00fablica &#8211; Ademir dos Anjos\/Governo do Tocantins<\/p>\n","protected":false},"excerpt":{"rendered":"<p>Foi conclu\u00eddo e assinado na manh\u00e3 desta quinta-feira, 25, o Plano T\u00e1tico Integrado de Seguran\u00e7a P\u00fablica para a Amaz\u00f4nia (PTI\/TO), elaborado pelas for\u00e7as de seguran\u00e7a do Tocantins em parceria com a Pol\u00edcia Federal (PF). O PTI faz parte do&nbsp;Plano Amaz\u00f4nia: Seguran\u00e7a e Soberania (Plano Amas)&nbsp;do Governo Federal e envolve os nove estados que comp\u00f5em a [&hellip;]<\/p>\n","protected":false},"author":2,"featured_media":18312,"comment_status":"open","ping_status":"open","sticky":false,"template":"","format":"standard","meta":[],"categories":[3,1],"tags":[13],"_links":{"self":[{"href":"https:\/\/dgospel.com.br\/portal\/index.php\/wp-json\/wp\/v2\/posts\/18306"}],"collection":[{"href":"https:\/\/dgospel.com.br\/portal\/index.php\/wp-json\/wp\/v2\/posts"}],"about":[{"href":"https:\/\/dgospel.com.br\/portal\/index.php\/wp-json\/wp\/v2\/types\/post"}],"author":[{"embeddable":true,"href":"https:\/\/dgospel.com.br\/portal\/index.php\/wp-json\/wp\/v2\/users\/2"}],"replies":[{"embeddable":true,"href":"https:\/\/dgospel.com.br\/portal\/index.php\/wp-json\/wp\/v2\/comments?post=18306"}],"version-history":[{"count":2,"href":"https:\/\/dgospel.com.br\/portal\/index.php\/wp-json\/wp\/v2\/posts\/18306\/revisions"}],"predecessor-version":[{"id":18313,"href":"https:\/\/dgospel.com.br\/portal\/index.php\/wp-json\/wp\/v2\/posts\/18306\/revisions\/18313"}],"wp:featuredmedia":[{"embeddable":true,"href":"https:\/\/dgospel.com.br\/portal\/index.php\/wp-json\/wp\/v2\/media\/18312"}],"wp:attachment":[{"href":"https:\/\/dgospel.com.br\/portal\/index.php\/wp-json\/wp\/v2\/media?parent=18306"}],"wp:term":[{"taxonomy":"category","embeddable":true,"href":"https:\/\/dgospel.com.br\/portal\/index.php\/wp-json\/wp\/v2\/categories?post=18306"},{"taxonomy":"post_tag","embeddable":true,"href":"https:\/\/dgospel.com.br\/portal\/index.php\/wp-json\/wp\/v2\/tags?post=18306"}],"curies":[{"name":"wp","href":"https:\/\/api.w.org\/{rel}","templated":true}]}}