{"id":18323,"date":"2024-01-31T10:18:23","date_gmt":"2024-01-31T13:18:23","guid":{"rendered":"https:\/\/dgospel.com.br\/portal\/?p=18323"},"modified":"2024-01-31T10:18:25","modified_gmt":"2024-01-31T13:18:25","slug":"ironico-lula-diz-que-e-a-pessoa-que-mais-acredita-em-deus-no-mundo","status":"publish","type":"post","link":"https:\/\/dgospel.com.br\/portal\/index.php\/2024\/01\/31\/ironico-lula-diz-que-e-a-pessoa-que-mais-acredita-em-deus-no-mundo\/","title":{"rendered":"Ir\u00f4nico: Lula diz que \u00e9 a pessoa que mais acredita em Deus no mundo"},"content":{"rendered":"\n<p>Nesta ter\u00e7a-feira (30), o presidente Luiz In\u00e1cio Lula da Silva (PT) participou da Confer\u00eancia Nacional de Educa\u00e7\u00e3o (CONAE) de 2024, na Universidade de Bras\u00edlia (Unb), quando comentou diversos assuntos, entre eles as prioridades do governo.<\/p>\n\n\n\n<p>Em parte do discurso, o petista voltou a atacar o ex-presidente Jair Bolsonaro (PL), dizendo que ele n\u00e3o sabe nem soletrar a palavra democracia e, depois, dizendo que a \u201cextrema-direita\u201d cresce em todo mundo por causa das mentiras compartilhadas nas redes sociais.<\/p>\n\n\n\n<p>Lula criticou o homeschooling, as escolas c\u00edvico-militares e tamb\u00e9m as den\u00fancias contra materiais did\u00e1ticos que promovem a ideologia de g\u00eanero e a implanta\u00e7\u00e3o de banheiros neutros.<\/p>\n\n\n\n<p>Ao falar de assuntos morais, o presidente afirmou que a direita \u201cusa a espiritualidade e a boa-f\u00e9 do nosso povo para fazer pol\u00edtica\u201d e, em seguida, declarou ser a pessoa que mais acredita em Deus em todo mundo.<\/p>\n\n\n\n<p>\u2013 Eu digo sempre que n\u00e3o tem ningu\u00e9m na face da Terra que possa crer mais em Deus do que eu. Eu tenho uma raz\u00e3o para crer em Deus. Sa\u00ed de onde eu sa\u00ed, de Caet\u00e9s, Pernambuco, fugindo da fome em 1952, filho de uma mulher analfabeta que foi para S\u00e3o Paulo tentar salvar os filhos e, chegando l\u00e1, encontrou o marido casado com outra com outra penca de filhos. Essa mulher teve a coragem de se separar do marido, sem emprego, com oito filhos pequenos, e foi viver a sua vida de amargura sem se importar que, mesmo no dia que n\u00e3o tivesse comida para gente comer, ela dizia: \u201cHoje n\u00e3o tem, mas amanh\u00e3 vai ter\u201d. Ontem a gente n\u00e3o tinha democracia, mas hoje a gente tem \u2013 concluiu.<\/p>\n\n\n\n<p><strong>Assista:<\/strong><\/p>\n\n\n\n<figure class=\"wp-block-embed is-type-video is-provider-youtube wp-block-embed-youtube wp-embed-aspect-16-9 wp-has-aspect-ratio\"><div class=\"wp-block-embed__wrapper\">\n<iframe loading=\"lazy\" title=\"\ud83d\udd34 Lula encerra Confer\u00eancia Nacional de Educa\u00e7\u00e3o\" width=\"630\" height=\"354\" src=\"https:\/\/www.youtube.com\/embed\/tTRfVrsdZ0A?start=2606&#038;feature=oembed\" frameborder=\"0\" allow=\"accelerometer; autoplay; clipboard-write; encrypted-media; gyroscope; picture-in-picture; web-share\" allowfullscreen><\/iframe>\n<\/div><\/figure>\n","protected":false},"excerpt":{"rendered":"<p>Nesta ter\u00e7a-feira (30), o presidente Luiz In\u00e1cio Lula da Silva (PT) participou da Confer\u00eancia Nacional de Educa\u00e7\u00e3o (CONAE) de 2024, na Universidade de Bras\u00edlia (Unb), quando comentou diversos assuntos, entre eles as prioridades do governo. Em parte do discurso, o petista voltou a atacar o ex-presidente Jair Bolsonaro (PL), dizendo que ele n\u00e3o sabe nem [&hellip;]<\/p>\n","protected":false},"author":2,"featured_media":18324,"comment_status":"open","ping_status":"open","sticky":false,"template":"","format":"standard","meta":[],"categories":[4],"tags":[],"_links":{"self":[{"href":"https:\/\/dgospel.com.br\/portal\/index.php\/wp-json\/wp\/v2\/posts\/18323"}],"collection":[{"href":"https:\/\/dgospel.com.br\/portal\/index.php\/wp-json\/wp\/v2\/posts"}],"about":[{"href":"https:\/\/dgospel.com.br\/portal\/index.php\/wp-json\/wp\/v2\/types\/post"}],"author":[{"embeddable":true,"href":"https:\/\/dgospel.com.br\/portal\/index.php\/wp-json\/wp\/v2\/users\/2"}],"replies":[{"embeddable":true,"href":"https:\/\/dgospel.com.br\/portal\/index.php\/wp-json\/wp\/v2\/comments?post=18323"}],"version-history":[{"count":1,"href":"https:\/\/dgospel.com.br\/portal\/index.php\/wp-json\/wp\/v2\/posts\/18323\/revisions"}],"predecessor-version":[{"id":18325,"href":"https:\/\/dgospel.com.br\/portal\/index.php\/wp-json\/wp\/v2\/posts\/18323\/revisions\/18325"}],"wp:featuredmedia":[{"embeddable":true,"href":"https:\/\/dgospel.com.br\/portal\/index.php\/wp-json\/wp\/v2\/media\/18324"}],"wp:attachment":[{"href":"https:\/\/dgospel.com.br\/portal\/index.php\/wp-json\/wp\/v2\/media?parent=18323"}],"wp:term":[{"taxonomy":"category","embeddable":true,"href":"https:\/\/dgospel.com.br\/portal\/index.php\/wp-json\/wp\/v2\/categories?post=18323"},{"taxonomy":"post_tag","embeddable":true,"href":"https:\/\/dgospel.com.br\/portal\/index.php\/wp-json\/wp\/v2\/tags?post=18323"}],"curies":[{"name":"wp","href":"https:\/\/api.w.org\/{rel}","templated":true}]}}