{"id":18326,"date":"2024-01-31T10:22:56","date_gmt":"2024-01-31T13:22:56","guid":{"rendered":"https:\/\/dgospel.com.br\/portal\/?p=18326"},"modified":"2024-01-31T10:22:57","modified_gmt":"2024-01-31T13:22:57","slug":"moraes-promove-devassa-contra-nomes-do-pl-para-eleicoes-no-rio","status":"publish","type":"post","link":"https:\/\/dgospel.com.br\/portal\/index.php\/2024\/01\/31\/moraes-promove-devassa-contra-nomes-do-pl-para-eleicoes-no-rio\/","title":{"rendered":"Moraes promove devassa contra nomes do PL para elei\u00e7\u00f5es no Rio"},"content":{"rendered":"\n<p>Recentes decis\u00f5es de Alexandre de Moraes, ministro do Supremo Tribunal Federal (STF) e presidente do Tribunal Superior Eleitoral (TSE), tiveram como alvo nomes do Partido Liberal (PL) que t\u00eam rela\u00e7\u00e3o direta com o \u00eaxito da sigla nas pr\u00f3ximas elei\u00e7\u00f5es no Rio de Janeiro.<\/p>\n\n\n\n<figure class=\"wp-block-image\"><img src=\"https:\/\/static.cdn.pleno.news\/2024\/01\/74fd30006145e010c12590074b192f5dd8eb27a0w-1024x683.jpg\" alt=\"\" class=\"wp-image-1271319\"\/><figcaption>Walter Braga Netto e Jair Bolsonaro&nbsp;Foto: EFE\/Jo\u00e9dson Alves<\/figcaption><\/figure>\n\n\n\n<p>Inicialmente, para concorrer \u00e0 Prefeitura do Rio, o partido do ex-presidente Jair Bolsonaro escolheu o nome do general Walter Braga Netto para enfrentar o atual prefeito, Eduardo Paes (PSD), em sua corrida pela reelei\u00e7\u00e3o. Braga Netto acabou sendo condenado pelo TSE na condi\u00e7\u00e3o de vice-presidente na chapa formada com Jair Bolsonaro.<\/p>\n\n\n\n<p>Em outubro do ano passado, a Corte Eleitoral o sentenciou \u00e0 inelegibilidade por oito anos por abuso de poder pol\u00edtico e econ\u00f4mico nas comemora\u00e7\u00f5es do Bicenten\u00e1rio da Independ\u00eancia, realizadas em 7 de Setembro de 2022.<\/p>\n\n\n\n<p>O partido de Valdemar Costa Neto tratou de escolher outro nome para concorrer \u00e0 Prefeitura do Rio: o deputado federal Alexandre Ramagem.<\/p>\n\n\n\n<figure class=\"wp-block-image\"><img src=\"https:\/\/static.cdn.pleno.news\/2020\/04\/Bolsonaro-e-Ramagem-1024x585-e1588182576474-1024x537.jpg\" alt=\"\" class=\"wp-image-508841\"\/><figcaption>Jair Bolsonaro e Alexandre Ramagem&nbsp;Foto: PR\/Carolina Antunes<\/figcaption><\/figure>\n\n\n\n<p>Ap\u00f3s ser ventilada a pr\u00e9-candidatura do delegado, que mesmo com proje\u00e7\u00e3o ainda t\u00edmida no eleitorado carioca, chegou \u00e0 vice-lideran\u00e7a nas pesquisas, perdendo apenas para o atual prefeito da cidade. Ramagem aparece com 19,1% das inten\u00e7\u00f5es de voto, contra 36,2% do atual prefeito, Eduardo Paes (PSD). As informa\u00e7\u00f5es s\u00e3o da pesquisa AtlasIntel, divulgada no dia 31 de dezembro.<\/p>\n\n\n\n<p>Na \u00faltima quinta-feira (25), Alexandre Ramagem foi alvo de uma opera\u00e7\u00e3o da Pol\u00edcia Federal a mando de Alexandre de Moraes. Segundo a investiga\u00e7\u00e3o, h\u00e1 suspeita da participa\u00e7\u00e3o de Ramagem em um esquema na Ag\u00eancia Brasileira de Intelig\u00eancia (Abin) para monitorar, de maneira ilegal, autoridades p\u00fablicas e cidad\u00e3os comuns, enquanto o parlamentar era diretor-geral da Abin, entre novembro de 2019 e mar\u00e7o de 2022.<\/p>\n\n\n\n<figure class=\"wp-block-image\"><img src=\"https:\/\/static.cdn.pleno.news\/2022\/03\/275609411_1013786882605146_858450233125763809_n-e1664792597255-1024x630.jpg\" alt=\"\" class=\"wp-image-911802\"\/><figcaption>Jair Bolsonaro e deputado Carlos Jordy&nbsp;Foto: Divulga\u00e7\u00e3o\/Carlos Jordy<\/figcaption><\/figure>\n\n\n\n<p>Outro pr\u00e9-candidato do PL a uma prefeitura no estado do Rio, na cidade de Niter\u00f3i, \u00e9 o l\u00edder da oposi\u00e7\u00e3o na C\u00e2mara, deputado Carlos Jordy, que tamb\u00e9m sofreu uma devassa a mando de Alexandre de Moraes. Ele foi alvo da 24\u00aa fase da Opera\u00e7\u00e3o Lesa P\u00e1tria, no dia 18 de janeiro, com o objetivo de identificar pessoas que planejaram, financiaram e incitaram os atos antidemocr\u00e1ticos de 8 de janeiro. Houve busca e apreens\u00e3o de arma, celular e tablet do deputado.<\/p>\n\n\n\n<figure class=\"wp-block-image\"><img src=\"https:\/\/static.cdn.pleno.news\/2022\/09\/34e1a23904fc293dec8d32751e71beeb0d58acb6-1-1024x683.jpg\" alt=\"\" class=\"wp-image-1019879\"\/><figcaption>Carlos e Jair Bolsonaro&nbsp;Foto: EFE\/Andr\u00e9 Coelho<\/figcaption><\/figure>\n\n\n\n<p>Na \u00faltima semana, o&nbsp;<strong>Pleno.News&nbsp;<\/strong>noticiou a iminente filia\u00e7\u00e3o do vereador Carlos Bolsonaro (Republicanos-RJ) ao Partido Liberal (PL) com a miss\u00e3o de presidir o diret\u00f3rio municipal da legenda no Rio e coordenar a campanha de Alexandre Ramagem \u00e0 prefeitura da cidade. A experi\u00eancia de Carlos \u2013 que atuou no marketing digital de Jair Bolsonaro, culminando na elei\u00e7\u00e3o do l\u00edder conservador em 2018 \u2013 pode ser fator determinante para a alavancagem da campanha de Ramagem no Rio.<\/p>\n\n\n\n<p>Uma semana ap\u00f3s a veicula\u00e7\u00e3o da estrat\u00e9gia envolvendo Carlos Bolsonaro e o PL, a fim de potencializar a campanha do ex-diretor-geral da Abin na cidade maravilhosa, o vereador foi alvo de um mandado de busca e apreens\u00e3o determinado por Alexandre de Moraes.<\/p>\n\n\n\n<p>Na manh\u00e3 desta segunda-feira (29), Carlos foi surpreendido com uma a\u00e7\u00e3o da Pol\u00edcia Federal que apura a\u00e7\u00f5es da Abin durante o governo do ex-presidente Jair Bolsonaro (PL). Agentes apreenderam dois celulares e o computador do vereador.<\/p>\n","protected":false},"excerpt":{"rendered":"<p>Recentes decis\u00f5es de Alexandre de Moraes, ministro do Supremo Tribunal Federal (STF) e presidente do Tribunal Superior Eleitoral (TSE), tiveram como alvo nomes do Partido Liberal (PL) que t\u00eam rela\u00e7\u00e3o direta com o \u00eaxito da sigla nas pr\u00f3ximas elei\u00e7\u00f5es no Rio de Janeiro. Inicialmente, para concorrer \u00e0 Prefeitura do Rio, o partido do ex-presidente Jair [&hellip;]<\/p>\n","protected":false},"author":2,"featured_media":18327,"comment_status":"open","ping_status":"open","sticky":false,"template":"","format":"standard","meta":[],"categories":[4],"tags":[],"_links":{"self":[{"href":"https:\/\/dgospel.com.br\/portal\/index.php\/wp-json\/wp\/v2\/posts\/18326"}],"collection":[{"href":"https:\/\/dgospel.com.br\/portal\/index.php\/wp-json\/wp\/v2\/posts"}],"about":[{"href":"https:\/\/dgospel.com.br\/portal\/index.php\/wp-json\/wp\/v2\/types\/post"}],"author":[{"embeddable":true,"href":"https:\/\/dgospel.com.br\/portal\/index.php\/wp-json\/wp\/v2\/users\/2"}],"replies":[{"embeddable":true,"href":"https:\/\/dgospel.com.br\/portal\/index.php\/wp-json\/wp\/v2\/comments?post=18326"}],"version-history":[{"count":1,"href":"https:\/\/dgospel.com.br\/portal\/index.php\/wp-json\/wp\/v2\/posts\/18326\/revisions"}],"predecessor-version":[{"id":18328,"href":"https:\/\/dgospel.com.br\/portal\/index.php\/wp-json\/wp\/v2\/posts\/18326\/revisions\/18328"}],"wp:featuredmedia":[{"embeddable":true,"href":"https:\/\/dgospel.com.br\/portal\/index.php\/wp-json\/wp\/v2\/media\/18327"}],"wp:attachment":[{"href":"https:\/\/dgospel.com.br\/portal\/index.php\/wp-json\/wp\/v2\/media?parent=18326"}],"wp:term":[{"taxonomy":"category","embeddable":true,"href":"https:\/\/dgospel.com.br\/portal\/index.php\/wp-json\/wp\/v2\/categories?post=18326"},{"taxonomy":"post_tag","embeddable":true,"href":"https:\/\/dgospel.com.br\/portal\/index.php\/wp-json\/wp\/v2\/tags?post=18326"}],"curies":[{"name":"wp","href":"https:\/\/api.w.org\/{rel}","templated":true}]}}