{"id":18338,"date":"2024-01-31T12:22:39","date_gmt":"2024-01-31T15:22:39","guid":{"rendered":"https:\/\/dgospel.com.br\/portal\/?p=18338"},"modified":"2024-01-31T12:22:40","modified_gmt":"2024-01-31T15:22:40","slug":"prefeito-cancela-carnaval-e-vai-destinar-verba-para-educacao","status":"publish","type":"post","link":"https:\/\/dgospel.com.br\/portal\/index.php\/2024\/01\/31\/prefeito-cancela-carnaval-e-vai-destinar-verba-para-educacao\/","title":{"rendered":"Prefeito cancela carnaval e vai destinar verba para educa\u00e7\u00e3o"},"content":{"rendered":"\n<p>A Prefeitura de Boa Esperan\u00e7a do Sul, munic\u00edpio do interior de&nbsp;<a href=\"http:\/\/pleno.news\/tag\/sao-paulo\" target=\"_blank\" rel=\"noreferrer noopener\">S\u00e3o Paulo<\/a>, decidiu cancelar a festa de&nbsp;<a href=\"http:\/\/pleno.news\/tag\/carnaval\" target=\"_blank\" rel=\"noreferrer noopener\">carnaval<\/a>&nbsp;deste ano prevista para ocorrer na cidade. Conforme o prefeito Manoel do Vitorinho (PP), a decis\u00e3o foi tomada em raz\u00e3o de brigas que ocorreram durante o fim de semana em apresenta\u00e7\u00f5es do pr\u00e9-carnaval.<\/p>\n\n\n\n<p>\u2013 Inicialmente, venho aqui para repudiar o que aconteceu no fim de semana, tanto no s\u00e1bado (27), quanto no domingo (28). Acho que quando a gente se prop\u00f5e a fazer uma festa de gra\u00e7a para a nossa popula\u00e7\u00e3o \u00e9 para que nossos mun\u00edcipes venham se divertir, mas n\u00e3o para brigar e colocar em risco a vida deles e de outros mun\u00edcipes \u2013 disse Vitorinho.<\/p>\n\n\n\n<p>Segundo ele, uma pessoa ainda permanece hospitalizada.<\/p>\n\n\n\n<p>\u2013 Ela est\u00e1 bem, mas eu n\u00e3o me sinto seguro e venho aqui comunicar que estamos cancelando o carnaval na cidade. Ent\u00e3o, quando as pessoas aprenderem a se comportar, elas ter\u00e3o festa. Festa n\u00e3o \u00e9 prioridade, embora seja lazer \u2013 declarou.<\/p>\n\n\n\n<p>Ao comentar o que ser\u00e1 feito com a verba que originalmente seria dispensada para a festa, Vitorinho disse que utilizar\u00e1 os recursos com a educa\u00e7\u00e3o municipal.<\/p>\n\n\n\n<p>\u2013 N\u00f3s ficamos a manh\u00e3 inteira, a tarde inteira aqui na prefeitura, conversando e pensando. Com o dinheiro que ir\u00edamos gastar com o carnaval, vamos climatizar todas as escolas do munic\u00edpio. Tanto do ensino fundamental, quanto do ensino infantil. O carnaval dura cinco dias e acaba. O ar-condicionado vai trazer muito mais benfeitorias para nossos alunos e professores \u2013 afirmou.<\/p>\n\n\n\n<p>Segundo Vitorinho, todos os contratos firmados para o carnaval j\u00e1 foram cancelados, mas a prefeitura n\u00e3o informou o que acontecer\u00e1 com os acordos. A gest\u00e3o municipal tamb\u00e9m n\u00e3o disse ainda qual seria o valor investido na festa.<\/p>\n\n\n\n<p>*AE<\/p>\n","protected":false},"excerpt":{"rendered":"<p>A Prefeitura de Boa Esperan\u00e7a do Sul, munic\u00edpio do interior de&nbsp;S\u00e3o Paulo, decidiu cancelar a festa de&nbsp;carnaval&nbsp;deste ano prevista para ocorrer na cidade. Conforme o prefeito Manoel do Vitorinho (PP), a decis\u00e3o foi tomada em raz\u00e3o de brigas que ocorreram durante o fim de semana em apresenta\u00e7\u00f5es do pr\u00e9-carnaval. \u2013 Inicialmente, venho aqui para repudiar [&hellip;]<\/p>\n","protected":false},"author":2,"featured_media":18339,"comment_status":"open","ping_status":"open","sticky":false,"template":"","format":"standard","meta":[],"categories":[11,12,4],"tags":[],"_links":{"self":[{"href":"https:\/\/dgospel.com.br\/portal\/index.php\/wp-json\/wp\/v2\/posts\/18338"}],"collection":[{"href":"https:\/\/dgospel.com.br\/portal\/index.php\/wp-json\/wp\/v2\/posts"}],"about":[{"href":"https:\/\/dgospel.com.br\/portal\/index.php\/wp-json\/wp\/v2\/types\/post"}],"author":[{"embeddable":true,"href":"https:\/\/dgospel.com.br\/portal\/index.php\/wp-json\/wp\/v2\/users\/2"}],"replies":[{"embeddable":true,"href":"https:\/\/dgospel.com.br\/portal\/index.php\/wp-json\/wp\/v2\/comments?post=18338"}],"version-history":[{"count":1,"href":"https:\/\/dgospel.com.br\/portal\/index.php\/wp-json\/wp\/v2\/posts\/18338\/revisions"}],"predecessor-version":[{"id":18340,"href":"https:\/\/dgospel.com.br\/portal\/index.php\/wp-json\/wp\/v2\/posts\/18338\/revisions\/18340"}],"wp:featuredmedia":[{"embeddable":true,"href":"https:\/\/dgospel.com.br\/portal\/index.php\/wp-json\/wp\/v2\/media\/18339"}],"wp:attachment":[{"href":"https:\/\/dgospel.com.br\/portal\/index.php\/wp-json\/wp\/v2\/media?parent=18338"}],"wp:term":[{"taxonomy":"category","embeddable":true,"href":"https:\/\/dgospel.com.br\/portal\/index.php\/wp-json\/wp\/v2\/categories?post=18338"},{"taxonomy":"post_tag","embeddable":true,"href":"https:\/\/dgospel.com.br\/portal\/index.php\/wp-json\/wp\/v2\/tags?post=18338"}],"curies":[{"name":"wp","href":"https:\/\/api.w.org\/{rel}","templated":true}]}}