{"id":18341,"date":"2024-02-01T09:33:16","date_gmt":"2024-02-01T12:33:16","guid":{"rendered":"https:\/\/dgospel.com.br\/portal\/?p=18341"},"modified":"2024-02-01T09:33:18","modified_gmt":"2024-02-01T12:33:18","slug":"presidente-da-frente-parlamentar-evangelica-tem-mandato-cassado-pelo-tre-am","status":"publish","type":"post","link":"https:\/\/dgospel.com.br\/portal\/index.php\/2024\/02\/01\/presidente-da-frente-parlamentar-evangelica-tem-mandato-cassado-pelo-tre-am\/","title":{"rendered":"Presidente da Frente Parlamentar Evang\u00e9lica\u00a0tem mandato cassado pelo TRE-AM"},"content":{"rendered":"\n<p>O deputado federal Silas C\u00e2mara (Republicanos-AM) teve seu mandato cassado, nesta quarta-feira (31), pelo Tribunal Regional Eleitoral do Amazonas (TRE-AM).<\/p>\n\n\n\n<p>Foram quatro votos favor\u00e1veis \u00e0 cassa\u00e7\u00e3o e dois contr\u00e1rios ao pedido fundamentado na lei eleitoral por causa de gastos il\u00edcitos de recursos financeiros de campanha eleitoral no ano de 2022.<\/p>\n\n\n\n<p>A a\u00e7\u00e3o contra o deputado, que \u00e9 presidente da Frente Parlamentar Evang\u00e9lica (FPE), foi feita pelo Minist\u00e9rio P\u00fablico Eleitoral (MPE), apontando o uso de fretamento de aeronaves na campanha.<\/p>\n\n\n\n<p>A decis\u00e3o do TRE-AM anula os 125.068 votos que C\u00e2mara conquistou nas urnas, por conta disto, o Republicanos perde a contagem de votos no quociente eleitoral e, portanto, o deputado federal Adail Filho tamb\u00e9m perde o seu mandato.<\/p>\n\n\n\n<p><strong>SILAS C\u00c2MARA IR\u00c1 RECORRER<\/strong><br>O deputado federal ir\u00e1 recorrer da decis\u00e3o, levando o caso para o Tribunal Superior Eleitoral (TSE). A Assessoria Jur\u00eddica de C\u00e2mara adiantou que o deputado continuar\u00e1 no mandato at\u00e9 a finaliza\u00e7\u00e3o do caso.<\/p>\n\n\n\n<p>\u2013 A decis\u00e3o foi formada por pequena maioria de votos e contrariou a posi\u00e7\u00e3o anterior do pr\u00f3prio TRE-AM, que aprovou as contas do deputado. A confian\u00e7a na revers\u00e3o do julgamento \u00e9 total e o deputado continuar\u00e1 no exerc\u00edcio pleno de suas responsabilidades enquanto aguarda a aprecia\u00e7\u00e3o do caso em definitivo pela Justi\u00e7a Eleitoral.<\/p>\n","protected":false},"excerpt":{"rendered":"<p>O deputado federal Silas C\u00e2mara (Republicanos-AM) teve seu mandato cassado, nesta quarta-feira (31), pelo Tribunal Regional Eleitoral do Amazonas (TRE-AM). Foram quatro votos favor\u00e1veis \u00e0 cassa\u00e7\u00e3o e dois contr\u00e1rios ao pedido fundamentado na lei eleitoral por causa de gastos il\u00edcitos de recursos financeiros de campanha eleitoral no ano de 2022. A a\u00e7\u00e3o contra o deputado, [&hellip;]<\/p>\n","protected":false},"author":2,"featured_media":18342,"comment_status":"open","ping_status":"open","sticky":false,"template":"","format":"standard","meta":[],"categories":[10],"tags":[13],"_links":{"self":[{"href":"https:\/\/dgospel.com.br\/portal\/index.php\/wp-json\/wp\/v2\/posts\/18341"}],"collection":[{"href":"https:\/\/dgospel.com.br\/portal\/index.php\/wp-json\/wp\/v2\/posts"}],"about":[{"href":"https:\/\/dgospel.com.br\/portal\/index.php\/wp-json\/wp\/v2\/types\/post"}],"author":[{"embeddable":true,"href":"https:\/\/dgospel.com.br\/portal\/index.php\/wp-json\/wp\/v2\/users\/2"}],"replies":[{"embeddable":true,"href":"https:\/\/dgospel.com.br\/portal\/index.php\/wp-json\/wp\/v2\/comments?post=18341"}],"version-history":[{"count":1,"href":"https:\/\/dgospel.com.br\/portal\/index.php\/wp-json\/wp\/v2\/posts\/18341\/revisions"}],"predecessor-version":[{"id":18343,"href":"https:\/\/dgospel.com.br\/portal\/index.php\/wp-json\/wp\/v2\/posts\/18341\/revisions\/18343"}],"wp:featuredmedia":[{"embeddable":true,"href":"https:\/\/dgospel.com.br\/portal\/index.php\/wp-json\/wp\/v2\/media\/18342"}],"wp:attachment":[{"href":"https:\/\/dgospel.com.br\/portal\/index.php\/wp-json\/wp\/v2\/media?parent=18341"}],"wp:term":[{"taxonomy":"category","embeddable":true,"href":"https:\/\/dgospel.com.br\/portal\/index.php\/wp-json\/wp\/v2\/categories?post=18341"},{"taxonomy":"post_tag","embeddable":true,"href":"https:\/\/dgospel.com.br\/portal\/index.php\/wp-json\/wp\/v2\/tags?post=18341"}],"curies":[{"name":"wp","href":"https:\/\/api.w.org\/{rel}","templated":true}]}}