{"id":18344,"date":"2024-02-01T09:39:36","date_gmt":"2024-02-01T12:39:36","guid":{"rendered":"https:\/\/dgospel.com.br\/portal\/?p=18344"},"modified":"2024-02-01T09:39:37","modified_gmt":"2024-02-01T12:39:37","slug":"novo-diretor-adjunto-da-abin-fez-doacoes-a-candidatos-de-esquerda-nas-ultimas-eleicoes","status":"publish","type":"post","link":"https:\/\/dgospel.com.br\/portal\/index.php\/2024\/02\/01\/novo-diretor-adjunto-da-abin-fez-doacoes-a-candidatos-de-esquerda-nas-ultimas-eleicoes\/","title":{"rendered":"Novo Diretor Adjunto da Abin fez doa\u00e7\u00f5es a candidatos de esquerda nas \u00faltimas elei\u00e7\u00f5es"},"content":{"rendered":"\n<p>Marco Aur\u00e9lio Chaves Cepik, nomeado diretor-adjunto da Ag\u00eancia Brasileira de Intelig\u00eancia (Abin), demonstrou seu apoio a partidos de esquerda ao longo dos \u00faltimos pleitos, realizando doa\u00e7\u00f5es eleitorais a candidatos do PT e PCdoB entre 2016 e 2022. As contribui\u00e7\u00f5es, embora modestas, totalizaram R$ 3.450 e se concentraram majoritariamente no Rio Grande do Sul, seu estado natal.<\/p>\n\n\n\n<p>Durante as elei\u00e7\u00f5es de 2016, Cepik destinou R$ 1.000 \u00e0 campanha de Titi Alvares para vereadora em Porto Alegre pelo PCdoB, e em 2018, apoiou com a mesma quantia a candidatura de Dr. Leandro Minozzo a deputado estadual pelo mesmo partido. Ambos os candidatos n\u00e3o obtiveram sucesso nas urnas.<\/p>\n\n\n\n<p>Em 2020, Laura Sito, do PT, foi beneficiada com uma doa\u00e7\u00e3o de R$ 200 de Cepik em sua bem-sucedida corrida \u00e0 C\u00e2mara Municipal de Porto Alegre. Quando Laura avan\u00e7ou para a Assembleia Legislativa do estado em 2022, Cepik novamente apoiou sua campanha, dessa vez com R$ 500.<\/p>\n\n\n\n<p>Al\u00e9m disso, na elei\u00e7\u00e3o de 2022, Cepik contribuiu com R$ 500 para a candidatura de Luiza Dulci a deputada estadual em Minas Gerais e com R$ 250 para a campanha de Edegar Pretto, candidato do PT ao governo do Rio Grande do Sul, por meio de financiamento coletivo. Apesar de Pretto e Dulci n\u00e3o terem sido eleitos, ambos ocupam cargos no governo atual de Lula.<\/p>\n\n\n\n<p>Cepik, que anteriormente dirigia a Escola de Intelig\u00eancia da Abin, assume a posi\u00e7\u00e3o deixada por Alessandro Moretti, exonerado em meio a investiga\u00e7\u00f5es da PF sobre uma suposta \u201cAbin paralela\u201d operada durante o governo Bolsonaro. O apoio hist\u00f3rico de Cepik a figuras e partidos de esquerda pode trazer novas din\u00e2micas \u00e0 segunda posi\u00e7\u00e3o mais alta na hierarquia da Abin.<\/p>\n","protected":false},"excerpt":{"rendered":"<p>Marco Aur\u00e9lio Chaves Cepik, nomeado diretor-adjunto da Ag\u00eancia Brasileira de Intelig\u00eancia (Abin), demonstrou seu apoio a partidos de esquerda ao longo dos \u00faltimos pleitos, realizando doa\u00e7\u00f5es eleitorais a candidatos do PT e PCdoB entre 2016 e 2022. As contribui\u00e7\u00f5es, embora modestas, totalizaram R$ 3.450 e se concentraram majoritariamente no Rio Grande do Sul, seu estado [&hellip;]<\/p>\n","protected":false},"author":2,"featured_media":18345,"comment_status":"open","ping_status":"open","sticky":false,"template":"","format":"standard","meta":[],"categories":[4],"tags":[13],"_links":{"self":[{"href":"https:\/\/dgospel.com.br\/portal\/index.php\/wp-json\/wp\/v2\/posts\/18344"}],"collection":[{"href":"https:\/\/dgospel.com.br\/portal\/index.php\/wp-json\/wp\/v2\/posts"}],"about":[{"href":"https:\/\/dgospel.com.br\/portal\/index.php\/wp-json\/wp\/v2\/types\/post"}],"author":[{"embeddable":true,"href":"https:\/\/dgospel.com.br\/portal\/index.php\/wp-json\/wp\/v2\/users\/2"}],"replies":[{"embeddable":true,"href":"https:\/\/dgospel.com.br\/portal\/index.php\/wp-json\/wp\/v2\/comments?post=18344"}],"version-history":[{"count":1,"href":"https:\/\/dgospel.com.br\/portal\/index.php\/wp-json\/wp\/v2\/posts\/18344\/revisions"}],"predecessor-version":[{"id":18346,"href":"https:\/\/dgospel.com.br\/portal\/index.php\/wp-json\/wp\/v2\/posts\/18344\/revisions\/18346"}],"wp:featuredmedia":[{"embeddable":true,"href":"https:\/\/dgospel.com.br\/portal\/index.php\/wp-json\/wp\/v2\/media\/18345"}],"wp:attachment":[{"href":"https:\/\/dgospel.com.br\/portal\/index.php\/wp-json\/wp\/v2\/media?parent=18344"}],"wp:term":[{"taxonomy":"category","embeddable":true,"href":"https:\/\/dgospel.com.br\/portal\/index.php\/wp-json\/wp\/v2\/categories?post=18344"},{"taxonomy":"post_tag","embeddable":true,"href":"https:\/\/dgospel.com.br\/portal\/index.php\/wp-json\/wp\/v2\/tags?post=18344"}],"curies":[{"name":"wp","href":"https:\/\/api.w.org\/{rel}","templated":true}]}}