{"id":18359,"date":"2024-02-01T09:59:53","date_gmt":"2024-02-01T12:59:53","guid":{"rendered":"https:\/\/dgospel.com.br\/portal\/?p=18359"},"modified":"2024-02-01T09:59:54","modified_gmt":"2024-02-01T12:59:54","slug":"wanderlei-barbosa-anuncia-investimento-de-r-12-milhao-para-realizacao-da-feira-de-negocios-do-vale-do-araguaia","status":"publish","type":"post","link":"https:\/\/dgospel.com.br\/portal\/index.php\/2024\/02\/01\/wanderlei-barbosa-anuncia-investimento-de-r-12-milhao-para-realizacao-da-feira-de-negocios-do-vale-do-araguaia\/","title":{"rendered":"Wanderlei Barbosa anuncia investimento de R$ 1,2 milh\u00e3o para realiza\u00e7\u00e3o da Feira de Neg\u00f3cios do Vale do Araguaia"},"content":{"rendered":"\n<p>O governador do Tocantins, Wanderlei Barbosa, prestigiou nessa ter\u00e7a-feira, 30, a posse da presid\u00eancia e da diretoria da Associa\u00e7\u00e3o Comercial, Industrial, Agroneg\u00f3cios e Servi\u00e7os de Para\u00edso do Tocantins (Acip), bem como da posse do Conselho Consultivo, Fiscal e Conselho da Mulher Empreendedora e de Cultura (CMEC). Durante o evento, o Governador anunciou&nbsp;investimento de R$ 1,2 milh\u00e3o para realiza\u00e7\u00e3o da Feira de Neg\u00f3cios do Vale do Araguaia.<\/p>\n\n\n\n<p>Tomou posse como presidente da entidade o empres\u00e1rio Roberto Bandeira, que vai conduzir a Acip no tri\u00eanio 2024\/2026. Na ocasi\u00e3o, tamb\u00e9m foram inauguradas as novas instala\u00e7\u00f5es da&nbsp; Associa\u00e7\u00e3o, que voltou ao seu local pr\u00f3prio, depois de dois anos,&nbsp;ap\u00f3s passar por melhorias estruturais, garantindo um ambiente mais seguro e confort\u00e1vel para servidores&nbsp;e associados.<\/p>\n\n\n\n<p>O governador Wanderlei Barbosa ressaltou o objetivo de&nbsp;urbanizar todos os parques industriais como forma de propiciar o crescimento da economia e que Para\u00edso do Tocantins est\u00e1 inserido neste contexto em virtude da representatividade do munic\u00edpio no Estado. &#8220;O Governo do Tocantins refor\u00e7a o compromisso de realizar&nbsp;a pr\u00f3xima feira de neg\u00f3cios de Para\u00edso, aportando recursos de mais de R$ 1 milh\u00e3o para esse evento, que representa todo o Vale do Araguaia. Os setores comercial&nbsp;e empresarial e os nossos empres\u00e1rios est\u00e3o de&nbsp;parab\u00e9ns por essa grande entidade consolidada, que \u00e9 a Acip\u201d, frisou o Governador.<\/p>\n\n\n\n<p>O presidente Roberto Bandeira agradeceu ao governador Wanderlei Barbosa por prestigiar a solenidade de posse da diretoria e pela grande parceria com a Acip para a realiza\u00e7\u00e3o da Feira de Neg\u00f3cios do Vale do Araguaia, que n\u00e3o ocorre h\u00e1 12 anos. \u201c\u00c9 a maior feira do Vale do Araguaia e o governador do Tocantins, sens\u00edvel ao desenvolvimento de Para\u00edso, de todo o Vale do Araguaia, est\u00e1 apoiando 100% a Acip, com recursos para a infraestrutura do evento. Refor\u00e7o o nosso agradecimento ao governador Wanderlei Barbosa por acreditar na Associa\u00e7\u00e3o e na sua credibilidade, bem como por incentivar o desenvolvimento do projeto\u201d, ressaltou Roberto Bandeira, ao salientar que, com a inje\u00e7\u00e3o de capital no mercado, toda a regi\u00e3o \u00e9 favorecida.&nbsp;<\/p>\n\n\n\n<p>Acompanharam o governador Wanderlei Barbosa no evento da Acip o secret\u00e1rio de Estado da Ind\u00fastria, Com\u00e9rcio e Servi\u00e7os, Carlos Humberto Lima; e o secret\u00e1rio-extraordin\u00e1rio da Governadoria, Osires Damaso. Tamb\u00e9m esteve presente o&nbsp;prefeito de Para\u00edso do Tocantins, Celso Morais.<\/p>\n\n\n\n<p><strong>Acip<\/strong><\/p>\n\n\n\n<p>O empres\u00e1rio Roberto Bandeira assumir\u00e1 o cargo de presidente da Associa\u00e7\u00e3o Comercial, Industrial, de Agroneg\u00f3cios e Servi\u00e7os de Para\u00edso no pr\u00f3ximo dia 1\u00b0 de fevereiro de 2024. Comp\u00f5em a diretoria para o tri\u00eanio 2024\/2026: Geverson Francelino Vieira como vice-presidente de Administra\u00e7\u00e3o e Finan\u00e7as;\u00a0Francieli F\u00e1tima Bernardi Lustosa como vice-presidente de Planejamento e Desenvolvimento Empresarial; Francys Pierret Gon\u00e7alves Gontijo como vice-presidente de Governan\u00e7a e Transpar\u00eancia; Juliana Aparecida Soares Martins como vice-presidente de Rela\u00e7\u00f5es Institucionais;\u00a0 Francisco Carlos Mac\u00eado Barbosa, como vice-presidente de Registro Associativo, Servi\u00e7os e Comunica\u00e7\u00e3o; e\u00a0Whisllan Maciel Bastos como vice-presidente de Ind\u00fastria, Com\u00e9rcio, Agroneg\u00f3cio, Turismo e Servi\u00e7os.<\/p>\n\n\n\n<p><img src=\"https:\/\/central.to.gov.br\/image\/363722?w=670&amp;h=383\"><\/p>\n\n\n\n<p>Governador anunciou\u00a0investimento de R$ 1,2 milh\u00e3o para realiza\u00e7\u00e3o da Feira de Neg\u00f3cios do Vale do Araguaia &#8211; Esequias Ara\u00fajo\/Governo do Tocantins\u00a0<\/p>\n\n\n\n<p><img src=\"https:\/\/central.to.gov.br\/image\/363716?w=670&amp;h=383\"><\/p>\n\n\n\n<p>Governador Wanderlei Barbosa durante posse da presid\u00eancia e da diretoria da Associa\u00e7\u00e3o Comercial, Industrial, Agroneg\u00f3cios e Servi\u00e7os de Para\u00edso do Tocantins (Acip) &#8211; Esequias Ara\u00fajo\/Governo do Tocantins\u00a0<\/p>\n\n\n\n<p><img src=\"https:\/\/central.to.gov.br\/image\/363718?w=670&amp;h=383\"><\/p>\n\n\n\n<p>Presidente da Acip, Roberto Bandeira, agradeceu ao governador Wanderlei Barbosa pela grande parceria com a Associa\u00e7\u00e3o&nbsp;para a realiza\u00e7\u00e3o da Feira de Neg\u00f3cios do Vale do Araguaia &#8211; Esequias Ara\u00fajo\/Governo do Tocantins<\/p>\n","protected":false},"excerpt":{"rendered":"<p>O governador do Tocantins, Wanderlei Barbosa, prestigiou nessa ter\u00e7a-feira, 30, a posse da presid\u00eancia e da diretoria da Associa\u00e7\u00e3o Comercial, Industrial, Agroneg\u00f3cios e Servi\u00e7os de Para\u00edso do Tocantins (Acip), bem como da posse do Conselho Consultivo, Fiscal e Conselho da Mulher Empreendedora e de Cultura (CMEC). Durante o evento, o Governador anunciou&nbsp;investimento de R$ 1,2 [&hellip;]<\/p>\n","protected":false},"author":2,"featured_media":18360,"comment_status":"open","ping_status":"open","sticky":false,"template":"","format":"standard","meta":[],"categories":[3],"tags":[13],"_links":{"self":[{"href":"https:\/\/dgospel.com.br\/portal\/index.php\/wp-json\/wp\/v2\/posts\/18359"}],"collection":[{"href":"https:\/\/dgospel.com.br\/portal\/index.php\/wp-json\/wp\/v2\/posts"}],"about":[{"href":"https:\/\/dgospel.com.br\/portal\/index.php\/wp-json\/wp\/v2\/types\/post"}],"author":[{"embeddable":true,"href":"https:\/\/dgospel.com.br\/portal\/index.php\/wp-json\/wp\/v2\/users\/2"}],"replies":[{"embeddable":true,"href":"https:\/\/dgospel.com.br\/portal\/index.php\/wp-json\/wp\/v2\/comments?post=18359"}],"version-history":[{"count":1,"href":"https:\/\/dgospel.com.br\/portal\/index.php\/wp-json\/wp\/v2\/posts\/18359\/revisions"}],"predecessor-version":[{"id":18361,"href":"https:\/\/dgospel.com.br\/portal\/index.php\/wp-json\/wp\/v2\/posts\/18359\/revisions\/18361"}],"wp:featuredmedia":[{"embeddable":true,"href":"https:\/\/dgospel.com.br\/portal\/index.php\/wp-json\/wp\/v2\/media\/18360"}],"wp:attachment":[{"href":"https:\/\/dgospel.com.br\/portal\/index.php\/wp-json\/wp\/v2\/media?parent=18359"}],"wp:term":[{"taxonomy":"category","embeddable":true,"href":"https:\/\/dgospel.com.br\/portal\/index.php\/wp-json\/wp\/v2\/categories?post=18359"},{"taxonomy":"post_tag","embeddable":true,"href":"https:\/\/dgospel.com.br\/portal\/index.php\/wp-json\/wp\/v2\/tags?post=18359"}],"curies":[{"name":"wp","href":"https:\/\/api.w.org\/{rel}","templated":true}]}}