{"id":1836,"date":"2018-11-13T16:46:52","date_gmt":"2018-11-13T18:46:52","guid":{"rendered":"http:\/\/dgospel.com.br\/portal\/?p=1836"},"modified":"2018-11-13T16:46:52","modified_gmt":"2018-11-13T18:46:52","slug":"governador-prestigia-programacao-de-aniversario-de-gurupi-e-autoriza-obras","status":"publish","type":"post","link":"https:\/\/dgospel.com.br\/portal\/index.php\/2018\/11\/13\/governador-prestigia-programacao-de-aniversario-de-gurupi-e-autoriza-obras\/","title":{"rendered":"Governador prestigia programa\u00e7\u00e3o de anivers\u00e1rio de Gurupi e autoriza obras"},"content":{"rendered":"<p>O governador Mauro Carlesse autorizou a reforma do Gin\u00e1sio de Esportes Idanizete Paula, em Gurupi. A Ordem de Servi\u00e7o foi assinada na manh\u00e3 desta ter\u00e7a-feira, 13, durante momento c\u00edvico realizado em frente a Prefeitura, como parte da programa\u00e7\u00e3o alusiva aos 60 anos de emancipa\u00e7\u00e3o pol\u00edtica do munic\u00edpio de Gurupi. O gin\u00e1sio est\u00e1 interditado pelo Corpo de Bombeiros desde 2013 e as obras est\u00e3o avaliadas em R$ 417.128,92.<\/p>\n<p>O Gin\u00e1sio de Gurupi foi constru\u00eddo h\u00e1 mais de 30 anos e constitui uma das principais pra\u00e7as de esportes do munic\u00edpio. Os principais motivos para interdi\u00e7\u00e3o s\u00e3o problemas nas sa\u00eddas de emerg\u00eancia e a falta de extintores de inc\u00eandio, hidrantes e corrim\u00f5es. Al\u00e9m disso, os banheiros est\u00e3o sujos e quebrados, a quadra apresenta falhas e as cabines de imprensa est\u00e3o danificadas pelo abandono. Um problema para os desportistas que dependem do gin\u00e1sio, o maior de Gurupi, com capacidade para cerca de 5 mil pessoas. Ainda na \u00e1rea esportiva, o governador anunciou o in\u00edcio das obras de reforma do Est\u00e1dio Gilberto Resende Filho (Resend\u00e3o).<\/p>\n<p>O governador Mauro Carlesse parabenizou os gurupienses pelos 60 anos de emancipa\u00e7\u00e3o pol\u00edtica do munic\u00edpio, ressaltou o car\u00e1ter municipalista da sua gest\u00e3o e a disposi\u00e7\u00e3o em realizar parcerias com a prefeitura local para atender as demandas da comunidade local. &#8220;As elei\u00e7\u00f5es passaram e o que temos que fazer agora \u00e9 esquecer as vaidades e trabalhar juntos. Precisamos\u00a0de uni\u00e3o e temos feito isso junto aos munic\u00edpios e ao governo federal para atender a nossa popula\u00e7\u00e3o, as coisas comigo s\u00e3o r\u00e1pidas, isso \u00e9 minha forma de trabalhar, sou municipalista e queremos fazer uma administra\u00e7\u00e3o para servir de exemplo para o Pa\u00eds&#8221;, declarou.<\/p>\n<p>O prefeito Laurez Moreira elogiou a disposi\u00e7\u00e3o do governador em estabelecer uma parceria com a prefeitura e realizar obras reivindicadas h\u00e1 anos, a exemplo da reforma do Gin\u00e1sio de Esportes Idanizete de Paula. &#8220;Deu uma demonstra\u00e7\u00e3o de grandeza ao estabelecer parcerias de trabalho com a prefeitura, principalmente na \u00e1rea da educa\u00e7\u00e3o e esportes. O Pa\u00eds passa por dificuldades, mas o Tocantins d\u00e1 exemplo. Em pouco tempo, o governador est\u00e1 atendendo reivindica\u00e7\u00f5es de anos&#8221;, afirmou.<\/p>\n<p>Na oportunidade, foram anunciadas ainda a reforma da Casa do Estudante, que est\u00e1 or\u00e7ada em \u00a0R$ 94.253,36, o Programa Educa\u00e7\u00e3o Conectada, que contar\u00e1 com investimentos em tecnologia e forma\u00e7\u00e3o de professores, no valor de R$ 3.532.000,00, que contemplar\u00e3o os munic\u00edpios de\u00a0 Gurupi e Aragua\u00edna e, tamb\u00e9m, a integra\u00e7\u00e3o do Centro de Ensino M\u00e9dio (CEM) de Gurupi como unidade de Educa\u00e7\u00e3o em Tempo Integral do Programa Jovem em A\u00e7\u00e3o. Durante a solenidade, tamb\u00e9m foram anunciadas as obras de conclus\u00e3o da amplia\u00e7\u00e3o de salas de duas salas de aula, de uma cantina e a constru\u00e7\u00e3o de cal\u00e7ada no CEM de Gurupi, e a constru\u00e7\u00e3o da cal\u00e7ada da Escola Estadual Presidente Costa e Silva, lan\u00e7amento do Centro de M\u00eddias do CEM Bom Jesus e o cronograma de matr\u00edculas do Col\u00e9gio da Pol\u00edcia Militar de Gurupi para 2019, na modalidade Ensino Fundamental (anos inicias e finais).<\/p>\n<p>O Col\u00e9gio militar vai funcionar na Escola Estadual Girassol de Tempo Integral Presidente Costa e Silva. Essa medida coloca o munic\u00edpio de Gurupi como pioneiro no Estado na oferta desta modalidade de ensino para crian\u00e7as j\u00e1 nos anos iniciais de forma\u00e7\u00e3o.<\/p>\n<p><strong>Homenagens<\/strong><\/p>\n<p>Durante o evento, o Governo do\u00a0Estado homenageou com placas de honra ao m\u00e9rito o estudante Ivan Rubens Carneiro de Carvalho pela sua participa\u00e7\u00e3o no Programa Parlamento Jovem Brasileiro de 2018, bem como o professor Weliton de Freitas Silva, vencedor do 11\u00b0 Pr\u00eamio Professores do Brasil 2018. Weliton foi o vencedor da etapa estadual na categoria Esporte como Estrat\u00e9gia de Aprendizagem.<\/p>\n<p><strong>Base Comunit\u00e1ria<\/strong><\/p>\n<p>Mauro Carlesse tamb\u00e9m entregou uma Base Comunit\u00e1ria M\u00f3vel ao 4\u00b0 Batalh\u00e3o da Pol\u00edcia Militar, que ser\u00e1 utilizada no fortalecimento do policiamento comunit\u00e1rio. De acordo com o comandante do 4\u00b0 BPM, coronel M\u00e1rcio Barbosa, no per\u00edodo do Natal, a unidade ser\u00e1 utilizada em \u00e1reas comerciais, em conjunto com uma nova modalidade de policiamento em bicicletas (Ciclopatrulha). &#8220;Este tipo de policiamento visa aproximar mais a comunidade da PM, proporcionando uma intera\u00e7\u00e3o que facilita a redu\u00e7\u00e3o da criminalidade&#8221;, explicou o comandante.<\/p>\n<p>O governador tamb\u00e9m entregou dois tratores \u00e0 Prefeitura local, que ser\u00e3o utilizados para atender ao segmento da Agricultura Familiar do munic\u00edpio.<\/p>\n<p><strong>Parcerias<\/strong><\/p>\n<p>A visita do governador tamb\u00e9m resultou na assinatura de diversos protocolos de inten\u00e7\u00f5es para futuras parcerias entre o\u00a0Governo do Estado e a Prefeitura de Gurupi. Para isso, ser\u00e3o elaborados projetos para constru\u00e7\u00e3o da estrutura definitiva da Feira do Produtor; duplica\u00e7\u00e3o da ponte sobre o c\u00f3rrego Pouso do Meio; constru\u00e7\u00e3o de uma nova rodovi\u00e1ria; e a constru\u00e7\u00e3o do Parque Linear e lago de Gurupi.<\/p>\n<p>Ainda em Gurupi, o governador participou da solenidade de descerramento da Placa que marca a transforma\u00e7\u00e3o do Centro Universit\u00e1rio Unirg em Universidade Regional de Gurupi. A mudan\u00e7a de status foi aprovada, em agosto, pelo Conselho Estadual de Educa\u00e7\u00e3o com apoio do governador Mauro Carlesse. Mais uma vez, o prefeito pediu apoio do governador para expandir os cursos da institui\u00e7\u00e3o a outros munic\u00edpios do Estado. Por sua vez, o governador destacou que quer ajudar a Unirg a se transformar em uma das maiores institui\u00e7\u00f5es de ensino superior do Estado. &#8220;Vamos fazer com que a Unirg chegue em outras localidades do Estado, vamos valorizar o que \u00e9 nosso&#8221;, argumentou.<\/p>\n<p>A solenidade contou com a presen\u00e7a de prefeitos de cidades circunvizinhas, vereadores, estudantes e professores.<\/p>\n","protected":false},"excerpt":{"rendered":"<p>O governador Mauro Carlesse autorizou a reforma do Gin\u00e1sio de Esportes Idanizete Paula, em Gurupi. A Ordem de Servi\u00e7o foi assinada na manh\u00e3 desta ter\u00e7a-feira, 13, durante momento c\u00edvico realizado em frente a Prefeitura, como parte da programa\u00e7\u00e3o alusiva aos 60 anos de emancipa\u00e7\u00e3o pol\u00edtica do munic\u00edpio de Gurupi. O gin\u00e1sio est\u00e1 interditado pelo Corpo [&hellip;]<\/p>\n","protected":false},"author":2,"featured_media":1837,"comment_status":"open","ping_status":"open","sticky":false,"template":"","format":"standard","meta":[],"categories":[2,4],"tags":[],"_links":{"self":[{"href":"https:\/\/dgospel.com.br\/portal\/index.php\/wp-json\/wp\/v2\/posts\/1836"}],"collection":[{"href":"https:\/\/dgospel.com.br\/portal\/index.php\/wp-json\/wp\/v2\/posts"}],"about":[{"href":"https:\/\/dgospel.com.br\/portal\/index.php\/wp-json\/wp\/v2\/types\/post"}],"author":[{"embeddable":true,"href":"https:\/\/dgospel.com.br\/portal\/index.php\/wp-json\/wp\/v2\/users\/2"}],"replies":[{"embeddable":true,"href":"https:\/\/dgospel.com.br\/portal\/index.php\/wp-json\/wp\/v2\/comments?post=1836"}],"version-history":[{"count":1,"href":"https:\/\/dgospel.com.br\/portal\/index.php\/wp-json\/wp\/v2\/posts\/1836\/revisions"}],"predecessor-version":[{"id":1838,"href":"https:\/\/dgospel.com.br\/portal\/index.php\/wp-json\/wp\/v2\/posts\/1836\/revisions\/1838"}],"wp:featuredmedia":[{"embeddable":true,"href":"https:\/\/dgospel.com.br\/portal\/index.php\/wp-json\/wp\/v2\/media\/1837"}],"wp:attachment":[{"href":"https:\/\/dgospel.com.br\/portal\/index.php\/wp-json\/wp\/v2\/media?parent=1836"}],"wp:term":[{"taxonomy":"category","embeddable":true,"href":"https:\/\/dgospel.com.br\/portal\/index.php\/wp-json\/wp\/v2\/categories?post=1836"},{"taxonomy":"post_tag","embeddable":true,"href":"https:\/\/dgospel.com.br\/portal\/index.php\/wp-json\/wp\/v2\/tags?post=1836"}],"curies":[{"name":"wp","href":"https:\/\/api.w.org\/{rel}","templated":true}]}}