{"id":18365,"date":"2024-02-01T10:08:54","date_gmt":"2024-02-01T13:08:54","guid":{"rendered":"https:\/\/dgospel.com.br\/portal\/?p=18365"},"modified":"2024-02-01T10:08:56","modified_gmt":"2024-02-01T13:08:56","slug":"tocantins-confirma-primeiro-caso-de-subvariante-da-covid-19-e-governo-reforca-importancia-da-vacinacao","status":"publish","type":"post","link":"https:\/\/dgospel.com.br\/portal\/index.php\/2024\/02\/01\/tocantins-confirma-primeiro-caso-de-subvariante-da-covid-19-e-governo-reforca-importancia-da-vacinacao\/","title":{"rendered":"Tocantins confirma primeiro caso de subvariante da covid-19 e governo refor\u00e7a import\u00e2ncia da vacina\u00e7\u00e3o"},"content":{"rendered":"\n<p>O Governo do Tocantins, por meio da Secretaria de Estado da Sa\u00fade (SES-TO), comunica a confirma\u00e7\u00e3o do primeiro caso de covid-19 &#8211; pela subvariante JN.1.1, no Tocantins. A amostra \u00e9 proveniente do munic\u00edpio de Palmas, coletada em novembro de 2023 e sequenciada pela Funda\u00e7\u00e3o Oswaldo Cruz (Fiocruz), seguindo os crit\u00e9rios estabelecidos pelo Centro de Informa\u00e7\u00f5es Estrat\u00e9gicas e Resposta em Vigil\u00e2ncia em Sa\u00fade, do Minist\u00e9rio da Sa\u00fade (MS). A referida subvariante j\u00e1 foi descrita em outros 19 estados e est\u00e1 em circula\u00e7\u00e3o no Brasil e n\u00e3o altera em nada as medidas de precau\u00e7\u00f5es j\u00e1 estabelecidas, com destaque para a imuniza\u00e7\u00e3o.<\/p>\n\n\n\n<p>Segundo a diretora do Laborat\u00f3rio Central de Sa\u00fade do Tocantins (Lacen-TO), Jucim\u00e1ria Dantas, \u201cna continuidade das a\u00e7\u00f5es de Vigil\u00e2ncia Laboratorial, foram selecionadas oito amostras positivas para o SARS-CoV-2, e identificou-se no dia 23 de janeiro de 2024 a subvariante JN.1.1 pela primeira vez no Tocantins. Vale lembrar que outras variantes tamb\u00e9m foram identificadas, como: JD.1.1, JD.1.1.1, JD.1.1.6, JD.1.1.8 e GK.1.1, por isso, enfatizamos a estrat\u00e9gia dos munic\u00edpios realizarem os testes de RT-qPCR, que identifica a presen\u00e7a do gene do v\u00edrus SARS-CoV-2 nas amostras analisadas e permite identificar outros v\u00edrus respirat\u00f3rios em circula\u00e7\u00e3o\u201d.<\/p>\n\n\n\n<p>\u201cO Lacen-TO realiza a Vigil\u00e2ncia Gen\u00f4mica, que identifica muta\u00e7\u00f5es gen\u00e9ticas e a dispers\u00e3o de variantes em circula\u00e7\u00e3o no nosso territ\u00f3rio. O sequenciamento gen\u00e9tico permite identificar muta\u00e7\u00f5es espec\u00edficas, que podem estar relacionadas ao recrudescimento da doen\u00e7a, \u00e0 maior gravidade, ao direcionamento do manejo cl\u00ednico e contribui para o desenvolvimento e a atualiza\u00e7\u00e3o das vacinas\u201d, acrescentou a diretora.<\/p>\n\n\n\n<p>Diante da confirma\u00e7\u00e3o do caso, os Centros de Informa\u00e7\u00f5es Estrat\u00e9gicas de Vigil\u00e2ncia em Sa\u00fade (Cievs) Estadual e Municipal foram comunicados para procederem a uma investiga\u00e7\u00e3o cl\u00ednica\/epidemiol\u00f3gica do paciente, bem como saber se este paciente \u00e9 morador da Capital ou n\u00e3o, se veio a \u00f3bito, se houve contamina\u00e7\u00e3o comunit\u00e1ria e, at\u00e9 mesmo, se esta pessoa j\u00e1 havia tomado algum imunizante.<\/p>\n\n\n\n<p>O secret\u00e1rio de Estado da Sa\u00fade, Carlos Felinto, afirmou que, \u201ca confirma\u00e7\u00e3o deste caso \u00e9 um alerta para que a popula\u00e7\u00e3o observe as medidas de combate \u00e0 doen\u00e7a, que passa pela imuniza\u00e7\u00e3o, por meio das vacinas dispon\u00edveis nas mais de 300 salas de vacina\u00e7\u00e3o, localizadas em todos os 139 munic\u00edpios do Estado. Tamb\u00e9m \u00e9 necess\u00e1rio observar o uso das m\u00e1scaras e a higieniza\u00e7\u00e3o das m\u00e3os com o \u00e1lcool 70%. Estamos comunicando \u00e0 popula\u00e7\u00e3o, em observa\u00e7\u00e3o ao princ\u00edpio da transpar\u00eancia, mas n\u00e3o h\u00e1 motivos para desespero, pois nossas equipes seguem vigilantes \u00e0 prolifera\u00e7\u00e3o de novas variantes e trabalhando, com os munic\u00edpios, as medidas de combate \u00e0 covid-19\u201d.<\/p>\n\n\n\n<p><strong>Dados<\/strong><\/p>\n\n\n\n<p>Em todo o Tocantins, de 1\u00b0 a 27 de janeiro de 2024, foram confirmados 2.494 casos de covid-19 e 3 \u00f3bitos.<\/p>\n\n\n\n<p><strong>Preven\u00e7\u00e3o<\/strong><\/p>\n\n\n\n<p>A vacina\u00e7\u00e3o \u00e9 o principal meio de prote\u00e7\u00e3o contra a forma grave da covid-19. \u201cOs imunizantes contra a doen\u00e7a est\u00e3o dispon\u00edveis para grupos priorit\u00e1rios, de acordo com o novo calend\u00e1rio adotado pelo Minist\u00e9rio da Sa\u00fade. Devem tomar a vacina indiv\u00edduos com 60 anos ou mais; pessoas imunocomprometidos; gestantes e pu\u00e9rperas, para esta popula\u00e7\u00e3o o intervalo entre as doses da vacina deve ser de 6 meses\u201d, afirmou a gerente de Imuniza\u00e7\u00e3o da SES-TO, Diandra Sena.<\/p>\n\n\n\n<p>A gerente acrescentou que \u201cpara os demais p\u00fablicos, acima de 12 anos de idade, o intervalo ser\u00e1 anual: pessoas que vivem ou trabalham em institui\u00e7\u00f5es de longa perman\u00eancia, ind\u00edgenas, ribeirinhos, quilombolas, trabalhadores da sa\u00fade, pessoas com defici\u00eancia permanente ou comorbidades, pessoas privadas de liberdade com 18 anos ou mais, funcion\u00e1rios do sistema de priva\u00e7\u00e3o de liberdade, adolescentes e jovens cumprindo medidas socioeducativas e popula\u00e7\u00e3o em situa\u00e7\u00e3o de rua\u201d.<\/p>\n\n\n\n<p>Outras medidas que podem ser adotadas pela popula\u00e7\u00e3o s\u00e3o: etiqueta respirat\u00f3ria; higieniza\u00e7\u00e3o frequente das m\u00e3os com \u00e1lcool 70% ou \u00e1gua e sab\u00e3o; ventila\u00e7\u00e3o, limpeza e desinfec\u00e7\u00e3o de ambientes; isolamento dos casos confirmados de covid-19 e uso de m\u00e1scaras em ambientes fechados, aglomerados ou na presen\u00e7a de sintomas gripais. A orienta\u00e7\u00e3o \u00e9 que, ao apresentar sintomas gripais, a popula\u00e7\u00e3o procure as unidades de sa\u00fade para o atendimento m\u00e9dico e, caso recomendado, a realiza\u00e7\u00e3o da coleta de amostras para a realiza\u00e7\u00e3o do diagn\u00f3stico laboratorial.<\/p>\n\n\n\n<p><strong>Sintomas<\/strong><\/p>\n\n\n\n<p>Os sintomas mais comuns de infec\u00e7\u00e3o pela subvariante JN.1.1 continuam sendo a coriza, com 31% dos pacientes relatando o problema, seguido pela tosse (22,9%) e pela dor de cabe\u00e7a (20,1%).<\/p>\n\n\n\n<p><img src=\"https:\/\/central.to.gov.br\/image\/363803?w=670&amp;h=383\"><\/p>\n\n\n\n<p>Lacen-TO continua com as a\u00e7\u00f5es de Vigil\u00e2ncia Laboratorial e sele\u00e7\u00e3o das amostras positivas para SARS-CoV-2 &#8211; Andr\u00e9 Ara\u00fajo\/Governo do Tocantins\u00a0<\/p>\n\n\n\n<p><img src=\"https:\/\/central.to.gov.br\/image\/363804?w=670&amp;h=383\"><\/p>\n\n\n\n<p>Primeiro caso da subvariante JN.1.1 foi confirmado no Tocantins &#8211; SES-TO\/Governo do Tocantins&nbsp;<\/p>\n","protected":false},"excerpt":{"rendered":"<p>O Governo do Tocantins, por meio da Secretaria de Estado da Sa\u00fade (SES-TO), comunica a confirma\u00e7\u00e3o do primeiro caso de covid-19 &#8211; pela subvariante JN.1.1, no Tocantins. A amostra \u00e9 proveniente do munic\u00edpio de Palmas, coletada em novembro de 2023 e sequenciada pela Funda\u00e7\u00e3o Oswaldo Cruz (Fiocruz), seguindo os crit\u00e9rios estabelecidos pelo Centro de Informa\u00e7\u00f5es [&hellip;]<\/p>\n","protected":false},"author":2,"featured_media":18366,"comment_status":"open","ping_status":"open","sticky":false,"template":"","format":"standard","meta":[],"categories":[3],"tags":[13],"_links":{"self":[{"href":"https:\/\/dgospel.com.br\/portal\/index.php\/wp-json\/wp\/v2\/posts\/18365"}],"collection":[{"href":"https:\/\/dgospel.com.br\/portal\/index.php\/wp-json\/wp\/v2\/posts"}],"about":[{"href":"https:\/\/dgospel.com.br\/portal\/index.php\/wp-json\/wp\/v2\/types\/post"}],"author":[{"embeddable":true,"href":"https:\/\/dgospel.com.br\/portal\/index.php\/wp-json\/wp\/v2\/users\/2"}],"replies":[{"embeddable":true,"href":"https:\/\/dgospel.com.br\/portal\/index.php\/wp-json\/wp\/v2\/comments?post=18365"}],"version-history":[{"count":1,"href":"https:\/\/dgospel.com.br\/portal\/index.php\/wp-json\/wp\/v2\/posts\/18365\/revisions"}],"predecessor-version":[{"id":18367,"href":"https:\/\/dgospel.com.br\/portal\/index.php\/wp-json\/wp\/v2\/posts\/18365\/revisions\/18367"}],"wp:featuredmedia":[{"embeddable":true,"href":"https:\/\/dgospel.com.br\/portal\/index.php\/wp-json\/wp\/v2\/media\/18366"}],"wp:attachment":[{"href":"https:\/\/dgospel.com.br\/portal\/index.php\/wp-json\/wp\/v2\/media?parent=18365"}],"wp:term":[{"taxonomy":"category","embeddable":true,"href":"https:\/\/dgospel.com.br\/portal\/index.php\/wp-json\/wp\/v2\/categories?post=18365"},{"taxonomy":"post_tag","embeddable":true,"href":"https:\/\/dgospel.com.br\/portal\/index.php\/wp-json\/wp\/v2\/tags?post=18365"}],"curies":[{"name":"wp","href":"https:\/\/api.w.org\/{rel}","templated":true}]}}